{"id":23837,"date":"2023-12-11T11:03:25","date_gmt":"2023-12-11T10:03:25","guid":{"rendered":"https:\/\/sybir.bialystok.pl\/ruszyly-zapisy-na-6-bieg-pamieci-sybiru\/"},"modified":"2023-12-28T08:21:01","modified_gmt":"2023-12-28T07:21:01","slug":"ruszyly-zapisy-na-6-bieg-pamieci-sybiru","status":"publish","type":"post","link":"https:\/\/sybir.bialystok.pl\/ru\/ruszyly-zapisy-na-6-bieg-pamieci-sybiru\/","title":{"rendered":"\u041d\u0430\u0447\u0430\u043b\u0430\u0441\u044c \u0440\u0435\u0433\u0438\u0441\u0442\u0440\u0430\u0446\u0438\u044f \u043d\u0430 6-\u0439 \u0411\u0435\u0433 \u043f\u0430\u043c\u044f\u0442\u0438 \u0421\u0438\u0431\u0438\u0440\u0438"},"content":{"rendered":"\n<p>\u0411\u0435\u0433 \u043f\u0430\u043c\u044f\u0442\u0438 \u0421\u0438\u0431\u0438\u0440\u0438 \u0432 \u0448\u0435\u0441\u0442\u043e\u0439 \u0440\u0430\u0437 \u043f\u0440\u043e\u0439\u0434\u0435\u0442 \u0432 \u0411\u0435\u043b\u043e\u0441\u0442\u043e\u043a\u0435 \u0438 \u0432\u043e \u0432\u0442\u043e\u0440\u043e\u0439 \u0440\u0430\u0437 \u2013 \u0432\u043e \u0412\u0440\u043e\u0446\u043b\u0430\u0432\u0435.<\/p>\n\n\n\n<!--more-->\n\n\n\n<p>\u0411\u0435\u0433 \u0432 \u0411\u0435\u043b\u043e\u0441\u0442\u043e\u043a\u0435 \u0441\u043e\u0441\u0442\u043e\u0438\u0442\u0441\u044f 10 \u0444\u0435\u0432\u0440\u0430\u043b\u044f 2024 \u0433\u043e\u0434\u0430 \u0432 \u0422\u0443\u0440\u0447\u0438\u043d\u0441\u043a\u043e\u0439 \u043f\u0443\u0449\u0435. \u0412\u043e \u0412\u0440\u043e\u0446\u043b\u0430\u0432\u0435 \u043c\u044b \u043f\u0440\u043e\u0431\u0435\u0436\u0438\u043c \u0432 \u041e\u0441\u043e\u0431\u043e\u0432\u0438\u0446\u043a\u043e\u043c \u043b\u0435\u0441\u0443 \u043d\u0435\u0434\u0435\u043b\u044e \u0441\u043f\u0443\u0441\u0442\u044f, 17 \u0444\u0435\u0432\u0440\u0430\u043b\u044f 2024 \u0433\u043e\u0434\u0430.<\/p>\n\n\n\n<p>\u0417\u0430\u0440\u0435\u0433\u0438\u0441\u0442\u0440\u0438\u0440\u043e\u0432\u0430\u0442\u044c\u0441\u044f \u043d\u0430 \u0411\u0435\u0433 \u043c\u043e\u0436\u043d\u043e \u043d\u0430 \u0441\u0430\u0439\u0442\u0435 <a href=\"http:\/\/www.biegpamiecisybiru.pl\/rejestracja\">www.biegpamiecisybiru.pl\/rejestracja<\/a>.<\/p>\n\n\n\n<p>\u041c\u044b \u0442\u0430\u043a\u0436\u0435 \u043f\u0440\u0435\u0434\u043b\u0430\u0433\u0430\u0435\u043c \u0432\u0438\u0440\u0442\u0443\u0430\u043b\u044c\u043d\u044b\u0439 \u0411\u0435\u0433, \u043a \u043a\u043e\u0442\u043e\u0440\u043e\u043c\u0443 \u0432\u044b \u043c\u043e\u0436\u0435\u0442\u0435 \u043f\u0440\u0438\u0441\u043e\u0435\u0434\u0438\u043d\u0438\u0442\u044c\u0441\u044f \u0441 10 \u043f\u043e 29 \u0444\u0435\u0432\u0440\u0430\u043b\u044f 2024 \u0433\u043e\u0434\u0430. \u042d\u0442\u0430 \u0444\u043e\u0440\u043c\u0443\u043b\u0430 \u043f\u043e\u0437\u0432\u043e\u043b\u044f\u0435\u0442 \u0432\u0430\u043c \u0443\u0447\u0430\u0441\u0442\u0432\u043e\u0432\u0430\u0442\u044c \u0432 \u0411\u0435\u0433\u0435 \u043f\u0430\u043c\u044f\u0442\u0438 \u0421\u0438\u0431\u0438\u0440\u0438 \u043d\u0435\u0437\u0430\u0432\u0438\u0441\u0438\u043c\u043e \u043e\u0442 \u0442\u043e\u0433\u043e, \u0432 \u043a\u0430\u043a\u043e\u0439 \u0442\u043e\u0447\u043a\u0435 \u043c\u0438\u0440\u0430 \u0432\u044b \u043d\u0430\u0445\u043e\u0434\u0438\u0442\u0435\u0441\u044c. \u0412\u0441\u0435, \u0447\u0442\u043e \u0432\u0430\u043c \u043d\u0443\u0436\u043d\u043e \u0441\u0434\u0435\u043b\u0430\u0442\u044c, \u044d\u0442\u043e \u0437\u0430\u0440\u0435\u0433\u0438\u0441\u0442\u0440\u0438\u0440\u043e\u0432\u0430\u0442\u044c\u0441\u044f \u0438 \u043f\u0440\u043e\u0431\u0435\u0436\u0430\u0442\u044c \u0438\u043b\u0438 \u043f\u0440\u043e\u0439\u0442\u0438 \u043d\u0435 \u043c\u0435\u043d\u0435\u0435 5 \u043a\u043c, \u0447\u0442\u043e\u0431\u044b \u0432\u0430\u0448\u0438 \u043a\u0438\u043b\u043e\u043c\u0435\u0442\u0440\u044b \u0431\u044b\u043b\u0438 \u0434\u043e\u0431\u0430\u0432\u043b\u0435\u043d\u044b \u043a \u043e\u0431\u0449\u0435\u0439 \u0441\u0443\u043c\u043c\u0435. \u0423\u0447\u0430\u0441\u0442\u043d\u0438\u043a\u0438 \u0432\u0438\u0440\u0442\u0443\u0430\u043b\u044c\u043d\u043e\u0433\u043e \u0411\u0435\u0433\u0430 \u0442\u0430\u043a\u0436\u0435 \u043f\u043e\u043b\u0443\u0447\u0430\u044e\u0442 \u0441\u0442\u0430\u0440\u0442\u043e\u0432\u044b\u0439 \u043d\u043e\u043c\u0435\u0440 \u0438 \u043f\u0430\u043c\u044f\u0442\u043d\u0443\u044e \u043c\u0435\u0434\u0430\u043b\u044c.<\/p>\n\n\n\n<p>\u0412\u0438\u0440\u0442\u0443\u0430\u043b\u044c\u043d\u044b\u0439 \u0437\u0430\u0431\u0435\u0433 \u043a\u0430\u0436\u0434\u044b\u0439 \u0433\u043e\u0434 \u0441\u043e\u0431\u0438\u0440\u0430\u0435\u0442 \u0431\u0435\u0433\u0443\u043d\u043e\u0432 \u0441\u043e \u0432\u0441\u0435\u0433\u043e \u043c\u0438\u0440\u0430. \u042d\u0442\u043e \u0442\u0430\u043a\u0436\u0435 \u0438\u0434\u0435\u0430\u043b\u044c\u043d\u043e\u0435 \u0440\u0435\u0448\u0435\u043d\u0438\u0435 \u0434\u043b\u044f \u043b\u044e\u0434\u0435\u0439 \u0441 \u0431\u043e\u043b\u0435\u0435 \u0441\u043b\u0430\u0431\u043e\u0439 \u0444\u0438\u0437\u0438\u0447\u0435\u0441\u043a\u043e\u0439 \u043f\u043e\u0434\u0433\u043e\u0442\u043e\u0432\u043a\u043e\u0439, \u043a\u043e\u0442\u043e\u0440\u044b\u0435 \u043d\u0435 \u0447\u0443\u0432\u0441\u0442\u0432\u0443\u044e\u0442 \u0441\u0435\u0431\u044f \u0441\u043f\u043e\u0441\u043e\u0431\u043d\u044b\u043c\u0438 \u043f\u0440\u043e\u0431\u0435\u0436\u0430\u0442\u044c \u0434\u0438\u0441\u0442\u0430\u043d\u0446\u0438\u044e \u200b\u200b\u0438 \u043f\u0440\u0435\u0434\u043f\u043e\u0447\u0438\u0442\u0430\u044e\u0442 \u043f\u0440\u0435\u043e\u0434\u043e\u043b\u0435\u0432\u0430\u0442\u044c \u0435\u0435 \u0432 \u0441\u0432\u043e\u0435\u043c \u0442\u0435\u043c\u043f\u0435 \u0438 \u0432 \u0432\u044b\u0431\u0440\u0430\u043d\u043d\u043e\u043c \u0434\u043b\u044f \u0441\u0435\u0431\u044f \u043c\u0435\u0441\u0442\u0435.<\/p>\n\n\n\n<p>\u041a\u0430\u043a \u0438 \u043a\u0430\u0436\u0434\u044b\u0439 \u0433\u043e\u0434, \u043d\u0430 \u0441\u0442\u0430\u0446\u0438\u043e\u043d\u0430\u0440\u043d\u043e\u043c \u0431\u0435\u0433\u043e\u0432\u043e\u043c \u043c\u0430\u0440\u0448\u0440\u0443\u0442\u0435 \u0431\u0443\u0434\u0443\u0442 \u043f\u0440\u0435\u0434\u0441\u0442\u0430\u0432\u043b\u0435\u043d\u044b \u0430\u0442\u043c\u043e\u0441\u0444\u0435\u0440\u043d\u044b\u0435 \u043c\u0435\u0440\u043e\u043f\u0440\u0438\u044f\u0442\u0438\u044f, \u043a\u043e\u0442\u043e\u0440\u044b\u0435 \u043a\u0430\u0436\u0434\u044b\u0439 \u0433\u043e\u0434 \u0442\u0430\u043a \u0446\u0435\u043d\u044f\u0442 \u0438 \u0445\u0432\u0430\u043b\u044f\u0442 \u0443\u0447\u0430\u0441\u0442\u043d\u0438\u043a\u0438 \u043c\u0435\u0440\u043e\u043f\u0440\u0438\u044f\u0442\u0438\u044f.<\/p>\n\n\n\n<figure class=\"wp-block-gallery has-nested-images columns-2 is-cropped wp-block-gallery-1 is-layout-flex wp-block-gallery-is-layout-flex\">\n<figure class=\"wp-block-image size-large\"><a href=\"https:\/\/sybir.bialystok.pl\/wp-content\/uploads\/2023\/02\/2023-BPS-29.jpg\"><img loading=\"lazy\" decoding=\"async\" width=\"1024\" height=\"682\" data-id=\"17290\" src=\"https:\/\/sybir.bialystok.pl\/wp-content\/uploads\/2023\/02\/2023-BPS-29-1024x682.jpg\" alt=\"Uczestnicy Biegu Pami\u0119ci Sybiru\" class=\"wp-image-17290\" srcset=\"https:\/\/sybir.bialystok.pl\/wp-content\/uploads\/2023\/02\/2023-BPS-29-1024x682.jpg 1024w, https:\/\/sybir.bialystok.pl\/wp-content\/uploads\/2023\/02\/2023-BPS-29-300x200.jpg 300w, https:\/\/sybir.bialystok.pl\/wp-content\/uploads\/2023\/02\/2023-BPS-29-768x511.jpg 768w, https:\/\/sybir.bialystok.pl\/wp-content\/uploads\/2023\/02\/2023-BPS-29-1536x1022.jpg 1536w, https:\/\/sybir.bialystok.pl\/wp-content\/uploads\/2023\/02\/2023-BPS-29.jpg 2048w\" sizes=\"auto, (max-width: 1024px) 100vw, 1024px\" \/><\/a><\/figure>\n\n\n\n<figure class=\"wp-block-image size-large\"><a href=\"https:\/\/sybir.bialystok.pl\/wp-content\/uploads\/2023\/02\/2023-BPS-30.jpg\"><img loading=\"lazy\" decoding=\"async\" width=\"1024\" height=\"682\" data-id=\"17285\" src=\"https:\/\/sybir.bialystok.pl\/wp-content\/uploads\/2023\/02\/2023-BPS-30-1024x682.jpg\" alt=\"Instalacja artystyczna na Biegu Pami\u0119ci Sybiru\" class=\"wp-image-17285\" srcset=\"https:\/\/sybir.bialystok.pl\/wp-content\/uploads\/2023\/02\/2023-BPS-30-1024x682.jpg 1024w, https:\/\/sybir.bialystok.pl\/wp-content\/uploads\/2023\/02\/2023-BPS-30-300x200.jpg 300w, https:\/\/sybir.bialystok.pl\/wp-content\/uploads\/2023\/02\/2023-BPS-30-768x511.jpg 768w, https:\/\/sybir.bialystok.pl\/wp-content\/uploads\/2023\/02\/2023-BPS-30-1536x1022.jpg 1536w, https:\/\/sybir.bialystok.pl\/wp-content\/uploads\/2023\/02\/2023-BPS-30.jpg 2048w\" sizes=\"auto, (max-width: 1024px) 100vw, 1024px\" \/><\/a><\/figure>\n\n\n\n<figure class=\"wp-block-image size-large\"><a href=\"https:\/\/sybir.bialystok.pl\/wp-content\/uploads\/2023\/02\/2023-BPS-35.jpg\"><img loading=\"lazy\" decoding=\"async\" width=\"1024\" height=\"684\" data-id=\"17294\" src=\"https:\/\/sybir.bialystok.pl\/wp-content\/uploads\/2023\/02\/2023-BPS-35-1024x684.jpg\" alt=\"Uczestnicy Biegu Pami\u0119ci Sybiru\" class=\"wp-image-17294\" srcset=\"https:\/\/sybir.bialystok.pl\/wp-content\/uploads\/2023\/02\/2023-BPS-35-1024x684.jpg 1024w, https:\/\/sybir.bialystok.pl\/wp-content\/uploads\/2023\/02\/2023-BPS-35-300x200.jpg 300w, https:\/\/sybir.bialystok.pl\/wp-content\/uploads\/2023\/02\/2023-BPS-35-768x513.jpg 768w, https:\/\/sybir.bialystok.pl\/wp-content\/uploads\/2023\/02\/2023-BPS-35-1536x1025.jpg 1536w, https:\/\/sybir.bialystok.pl\/wp-content\/uploads\/2023\/02\/2023-BPS-35.jpg 2048w\" sizes=\"auto, (max-width: 1024px) 100vw, 1024px\" \/><\/a><\/figure>\n<\/figure>\n\n\n\n<p>\u0422\u0430\u043a\u0436\u0435 \u043c\u044b \u0433\u043e\u0442\u043e\u0432\u0438\u043c \u0443\u043d\u0438\u043a\u0430\u043b\u044c\u043d\u0443\u044e, \u043a\u0430\u043a \u0432\u0441\u0435\u0433\u0434\u0430, \u043c\u0435\u0434\u0430\u043b\u044c, \u043a\u043e\u0442\u043e\u0440\u0430\u044f \u043f\u0440\u0435\u0434\u0441\u0442\u0430\u0432\u0438\u0442 \u0435\u0449\u0435 \u043e\u0434\u0438\u043d \u044d\u043a\u0441\u043f\u043e\u043d\u0430\u0442 \u0438\u0437 \u043a\u043e\u043b\u043b\u0435\u043a\u0446\u0438\u0438 \u041c\u0443\u0437\u0435\u044f \u043f\u0430\u043c\u044f\u0442\u0438 \u0421\u0438\u0431\u0438\u0440\u0438. \u041d\u0430 \u0444\u0438\u043d\u0438\u0448\u0435 \u0432\u044b \u0441\u043c\u043e\u0436\u0435\u0442\u0435 \u0432\u044b\u0433\u0440\u0430\u0432\u0438\u0440\u043e\u0432\u0430\u0442\u044c \u043d\u0430 \u043d\u0435\u0439 \u0441\u0432\u043e\u0435 \u0438\u043c\u044f \u0438 \u0444\u0430\u043c\u0438\u043b\u0438\u044e.<\/p>\n\n\n\n<figure class=\"wp-block-gallery has-nested-images columns-default is-cropped wp-block-gallery-2 is-layout-flex wp-block-gallery-is-layout-flex\">\n<figure class=\"wp-block-image size-large\"><a href=\"https:\/\/sybir.bialystok.pl\/wp-content\/uploads\/2023\/02\/20230218182056_P57A3810.jpg\"><img loading=\"lazy\" decoding=\"async\" width=\"1024\" height=\"683\" data-id=\"17501\" src=\"https:\/\/sybir.bialystok.pl\/wp-content\/uploads\/2023\/02\/20230218182056_P57A3810-1024x683.jpg\" alt=\"Medale Bieg Pami\u0119ci Sybiru\" class=\"wp-image-17501\" srcset=\"https:\/\/sybir.bialystok.pl\/wp-content\/uploads\/2023\/02\/20230218182056_P57A3810-1024x683.jpg 1024w, https:\/\/sybir.bialystok.pl\/wp-content\/uploads\/2023\/02\/20230218182056_P57A3810-300x200.jpg 300w, https:\/\/sybir.bialystok.pl\/wp-content\/uploads\/2023\/02\/20230218182056_P57A3810-768x512.jpg 768w, https:\/\/sybir.bialystok.pl\/wp-content\/uploads\/2023\/02\/20230218182056_P57A3810-1536x1024.jpg 1536w, https:\/\/sybir.bialystok.pl\/wp-content\/uploads\/2023\/02\/20230218182056_P57A3810.jpg 1920w\" sizes=\"auto, (max-width: 1024px) 100vw, 1024px\" \/><\/a><\/figure>\n\n\n\n<figure class=\"wp-block-image size-large\"><a href=\"https:\/\/sybir.bialystok.pl\/wp-content\/uploads\/2023\/02\/20230218200752_P57A5219.jpg\"><img loading=\"lazy\" decoding=\"async\" width=\"1024\" height=\"683\" data-id=\"17522\" src=\"https:\/\/sybir.bialystok.pl\/wp-content\/uploads\/2023\/02\/20230218200752_P57A5219-1024x683.jpg\" alt=\"Uczestnicy Biegu Pami\u0119ci Sybiru\" class=\"wp-image-17522\" srcset=\"https:\/\/sybir.bialystok.pl\/wp-content\/uploads\/2023\/02\/20230218200752_P57A5219-1024x683.jpg 1024w, https:\/\/sybir.bialystok.pl\/wp-content\/uploads\/2023\/02\/20230218200752_P57A5219-300x200.jpg 300w, https:\/\/sybir.bialystok.pl\/wp-content\/uploads\/2023\/02\/20230218200752_P57A5219-768x512.jpg 768w, https:\/\/sybir.bialystok.pl\/wp-content\/uploads\/2023\/02\/20230218200752_P57A5219-1536x1024.jpg 1536w, https:\/\/sybir.bialystok.pl\/wp-content\/uploads\/2023\/02\/20230218200752_P57A5219.jpg 1920w\" sizes=\"auto, (max-width: 1024px) 100vw, 1024px\" \/><\/a><\/figure>\n<\/figure>\n\n\n\n<p>\u041c\u044b \u043d\u0430\u0441\u0442\u043e\u044f\u0442\u0435\u043b\u044c\u043d\u043e \u0440\u0435\u043a\u043e\u043c\u0435\u043d\u0434\u0443\u0435\u043c \u0432\u0430\u043c \u0437\u0430\u043f\u0438\u0441\u0430\u0432\u0448\u0438\u0441\u044c \u043d\u0430 \u0441\u0442\u0430\u0446\u0438\u043e\u043d\u0430\u0440\u043d\u044b\u0439 \u0438\u043b\u0438 \u0432\u0438\u0440\u0442\u0443\u0430\u043b\u044c\u043d\u044b\u0439 \u0431\u0435\u0433, \u043f\u0440\u0438\u043d\u044f\u0442\u044c \u0443\u0447\u0430\u0441\u0442\u0438\u0435 \u0432 \u0430\u043a\u0446\u0438\u0438 \u0411\u0435\u0433 \u0434\u043b\u044f \u0421\u0438\u0431\u0438\u0440\u044f\u043a\u0430. \u0412 \u0440\u0435\u0433\u0438\u0441\u0442\u0440\u0430\u0446\u0438\u043e\u043d\u043d\u043e\u0439 \u0444\u043e\u0440\u043c\u0435 \u0432\u044b \u043c\u043e\u0436\u0435\u0442\u0435 \u0443\u043a\u0430\u0437\u0430\u0442\u044c \u043b\u0438\u0447\u043d\u044b\u0435 \u0434\u0430\u043d\u043d\u044b\u0435 \u0421\u0438\u0431\u0438\u0440\u044f\u043a\u0430 \u0438\u043b\u0438 \u0421\u0438\u0431\u0438\u0440\u044f\u0447\u043a\u0438 (\u0438\u043b\u0438 \u0441\u0438\u0431\u0438\u0440\u0441\u043a\u043e\u0439 \u0441\u0435\u043c\u044c\u0438), \u043e\u0442 \u0438\u043c\u0435\u043d\u0438 \u043a\u043e\u0442\u043e\u0440\u044b\u0445 \u0432\u044b \u0431\u0443\u0434\u0435\u0442\u0435 \u0431\u0435\u0436\u0430\u0442\u044c. \u042d\u0442\u043e \u043c\u043e\u0436\u0435\u0442 \u0431\u044b\u0442\u044c \u043a\u0442\u043e-\u0442\u043e \u0438\u0437 \u0432\u0430\u0448\u0438\u0445 \u0431\u043b\u0438\u0437\u043a\u0438\u0445, \u0437\u043d\u0430\u043a\u043e\u043c\u044b\u0439 \u0438\u043b\u0438 \u0447\u0435\u043b\u043e\u0432\u0435\u043a, \u0432\u044b\u0431\u0440\u0430\u043d\u043d\u044b\u0439 \u0438\u0437 \u043d\u0430\u0448\u0435\u0433\u043e \u0441\u043f\u0438\u0441\u043a\u0430.<\/p>\n\n\n\n<p>\u0412\u044b\u0431\u0440\u0430\u043d\u043d\u044b\u0435 \u0438\u043c\u044f \u0438 \u0444\u0430\u043c\u0438\u043b\u0438\u044f \u0421\u0438\u0431\u0438\u0440\u044f\u043a\u0430 \u0438\u043b\u0438 \u0421\u0438\u0431\u0438\u0440\u044f\u0447\u043a\u0438 \u043f\u043e\u044f\u0432\u044f\u0442\u0441\u044f \u043d\u0430 \u0432\u0430\u0448\u0435\u043c \u0441\u0442\u0430\u0440\u0442\u043e\u0432\u043e\u043c \u043d\u043e\u043c\u0435\u0440\u0435. \u0411\u043e\u043b\u0435\u0435 \u043f\u043e\u0434\u0440\u043e\u0431\u043d\u0443\u044e \u0438\u043d\u0444\u043e\u0440\u043c\u0430\u0446\u0438\u044e \u043e \u043a\u0430\u043c\u043f\u0430\u043d\u0438\u0438 \u043c\u043e\u0436\u043d\u043e \u043d\u0430\u0439\u0442\u0438 \u043d\u0430 \u0441\u0430\u0439\u0442\u0435 <a href=\"http:\/\/www.biegpamiecisybiru.pl\/biegne-dla-sybiraka\">www.biegpamiecisybiru.pl\/biegne-dla-sybiraka<\/a>.<\/p>\n\n\n\n<figure class=\"wp-block-image size-large\"><img loading=\"lazy\" decoding=\"async\" width=\"1024\" height=\"719\" src=\"https:\/\/sybir.bialystok.pl\/wp-content\/uploads\/2023\/12\/Bieg_Pamieci_Sybiru_numer_startowy-1024x719.png\" alt=\"\" class=\"wp-image-23271\" srcset=\"https:\/\/sybir.bialystok.pl\/wp-content\/uploads\/2023\/12\/Bieg_Pamieci_Sybiru_numer_startowy-1024x719.png 1024w, https:\/\/sybir.bialystok.pl\/wp-content\/uploads\/2023\/12\/Bieg_Pamieci_Sybiru_numer_startowy-300x211.png 300w, https:\/\/sybir.bialystok.pl\/wp-content\/uploads\/2023\/12\/Bieg_Pamieci_Sybiru_numer_startowy-768x539.png 768w, https:\/\/sybir.bialystok.pl\/wp-content\/uploads\/2023\/12\/Bieg_Pamieci_Sybiru_numer_startowy-1536x1078.png 1536w, https:\/\/sybir.bialystok.pl\/wp-content\/uploads\/2023\/12\/Bieg_Pamieci_Sybiru_numer_startowy.png 1898w\" sizes=\"auto, (max-width: 1024px) 100vw, 1024px\" \/><\/figure>\n\n\n\n<p>\u0415\u0436\u0435\u0433\u043e\u0434\u043d\u043e \u043f\u043e\u043b\u044c\u0437\u0443\u044e\u0442\u0441\u044f \u044d\u0442\u043e\u0439 \u0432\u043e\u0437\u043c\u043e\u0436\u043d\u043e\u0441\u0442\u044c\u044e \u043c\u043d\u043e\u0433\u0438\u0435 \u043f\u043e\u0442\u043e\u043c\u043a\u0438 \u0421\u0438\u0431\u0438\u0440\u044f\u043a\u043e\u0432 \u0438 \u0421\u0438\u0431\u0438\u0440\u044f\u0447\u0435\u043a, \u043a\u043e\u0442\u043e\u0440\u044b\u0435 \u0431\u0435\u0433\u0443\u0442, \u0447\u0442\u043e\u0431\u044b \u043e\u0442\u0434\u0430\u0442\u044c \u0434\u0430\u043d\u044c \u0443\u0432\u0430\u0436\u0435\u043d\u0438\u044f \u0438 \u043f\u043e\u0440\u0430\u0434\u043e\u0432\u0430\u0442\u044c \u0441\u0432\u043e\u0438\u0445 \u0434\u0435\u0434\u0443\u0448\u0435\u043a \u0438 \u0431\u0430\u0431\u0443\u0448\u0435\u043a, \u043f\u0440\u0430\u0431\u0430\u0431\u0443\u0448\u0435\u043a \u0438 \u043f\u0440\u0430\u0434\u0435\u0434\u043e\u0432 \u0438\u043b\u0438 \u043f\u043e\u0447\u0442\u0438\u0442\u044c \u043f\u0430\u043c\u044f\u0442\u044c \u0443\u0436\u0435 \u0443\u0448\u0435\u0434\u0448\u0438\u0445 \u0438\u0437 \u0436\u0438\u0437\u043d\u0438.<\/p>\n\n\n\n<p>\u0418\u0441\u0442\u043e\u0440\u0438\u0438 \u0441\u0438\u0431\u0438\u0440\u0441\u043a\u0438\u0445 \u0441\u0435\u043c\u0435\u0439 \u043c\u043e\u0436\u043d\u043e \u043f\u0440\u043e\u0447\u0438\u0442\u0430\u0442\u044c \u043d\u0430 \u0441\u0430\u0439\u0442\u0435 <a href=\"https:\/\/biegpamiecisybiru.pl\/historie-sybirakow\/\">https:\/\/biegpamiecisybiru.pl\/historie-sybirakow<\/a>.<\/p>\n\n\n\n<figure class=\"wp-block-gallery has-nested-images columns-2 is-cropped wp-block-gallery-3 is-layout-flex wp-block-gallery-is-layout-flex\">\n<figure class=\"wp-block-image size-large\"><a href=\"https:\/\/sybir.bialystok.pl\/wp-content\/uploads\/2023\/02\/2023-BPS-48.jpg\"><img loading=\"lazy\" decoding=\"async\" width=\"1024\" height=\"682\" data-id=\"17300\" src=\"https:\/\/sybir.bialystok.pl\/wp-content\/uploads\/2023\/02\/2023-BPS-48-1024x682.jpg\" alt=\"Uczestnicy Biegu Pami\u0119ci Sybiru\" class=\"wp-image-17300\" srcset=\"https:\/\/sybir.bialystok.pl\/wp-content\/uploads\/2023\/02\/2023-BPS-48-1024x682.jpg 1024w, https:\/\/sybir.bialystok.pl\/wp-content\/uploads\/2023\/02\/2023-BPS-48-300x200.jpg 300w, https:\/\/sybir.bialystok.pl\/wp-content\/uploads\/2023\/02\/2023-BPS-48-768x511.jpg 768w, https:\/\/sybir.bialystok.pl\/wp-content\/uploads\/2023\/02\/2023-BPS-48-1536x1022.jpg 1536w, https:\/\/sybir.bialystok.pl\/wp-content\/uploads\/2023\/02\/2023-BPS-48.jpg 2048w\" sizes=\"auto, (max-width: 1024px) 100vw, 1024px\" \/><\/a><\/figure>\n\n\n\n<figure class=\"wp-block-image size-large\"><a href=\"https:\/\/sybir.bialystok.pl\/wp-content\/uploads\/2022\/02\/02_12_2022_Bieg_Pamieci_Sybiru_Krzysztof_Karpinski-4.jpg\"><img loading=\"lazy\" decoding=\"async\" width=\"1024\" height=\"684\" data-id=\"12073\" src=\"https:\/\/sybir.bialystok.pl\/wp-content\/uploads\/2022\/02\/02_12_2022_Bieg_Pamieci_Sybiru_Krzysztof_Karpinski-4-1024x684.jpg\" alt=\"\" class=\"wp-image-12073\" srcset=\"https:\/\/sybir.bialystok.pl\/wp-content\/uploads\/2022\/02\/02_12_2022_Bieg_Pamieci_Sybiru_Krzysztof_Karpinski-4-1024x684.jpg 1024w, https:\/\/sybir.bialystok.pl\/wp-content\/uploads\/2022\/02\/02_12_2022_Bieg_Pamieci_Sybiru_Krzysztof_Karpinski-4-300x200.jpg 300w, https:\/\/sybir.bialystok.pl\/wp-content\/uploads\/2022\/02\/02_12_2022_Bieg_Pamieci_Sybiru_Krzysztof_Karpinski-4-768x513.jpg 768w, https:\/\/sybir.bialystok.pl\/wp-content\/uploads\/2022\/02\/02_12_2022_Bieg_Pamieci_Sybiru_Krzysztof_Karpinski-4-1536x1025.jpg 1536w, https:\/\/sybir.bialystok.pl\/wp-content\/uploads\/2022\/02\/02_12_2022_Bieg_Pamieci_Sybiru_Krzysztof_Karpinski-4.jpg 2048w\" sizes=\"auto, (max-width: 1024px) 100vw, 1024px\" \/><\/a><\/figure>\n\n\n\n<figure class=\"wp-block-image size-large\"><a href=\"https:\/\/sybir.bialystok.pl\/wp-content\/uploads\/2022\/02\/Bieg-Pamieci-Sybiru-2022-Karpinski-13.jpg\"><img loading=\"lazy\" decoding=\"async\" width=\"1024\" height=\"684\" data-id=\"12127\" src=\"https:\/\/sybir.bialystok.pl\/wp-content\/uploads\/2022\/02\/Bieg-Pamieci-Sybiru-2022-Karpinski-13-1024x684.jpg\" alt=\"\" class=\"wp-image-12127\" srcset=\"https:\/\/sybir.bialystok.pl\/wp-content\/uploads\/2022\/02\/Bieg-Pamieci-Sybiru-2022-Karpinski-13-1024x684.jpg 1024w, https:\/\/sybir.bialystok.pl\/wp-content\/uploads\/2022\/02\/Bieg-Pamieci-Sybiru-2022-Karpinski-13-300x200.jpg 300w, https:\/\/sybir.bialystok.pl\/wp-content\/uploads\/2022\/02\/Bieg-Pamieci-Sybiru-2022-Karpinski-13-768x513.jpg 768w, https:\/\/sybir.bialystok.pl\/wp-content\/uploads\/2022\/02\/Bieg-Pamieci-Sybiru-2022-Karpinski-13-1536x1025.jpg 1536w, https:\/\/sybir.bialystok.pl\/wp-content\/uploads\/2022\/02\/Bieg-Pamieci-Sybiru-2022-Karpinski-13.jpg 2048w\" sizes=\"auto, (max-width: 1024px) 100vw, 1024px\" \/><\/a><\/figure>\n\n\n\n<figure class=\"wp-block-image size-large\"><a href=\"https:\/\/sybir.bialystok.pl\/wp-content\/uploads\/2022\/02\/Bieg-Pamieci-Sybiru-2022-Karpinski-25.jpg\"><img loading=\"lazy\" decoding=\"async\" width=\"1024\" height=\"684\" data-id=\"12151\" src=\"https:\/\/sybir.bialystok.pl\/wp-content\/uploads\/2022\/02\/Bieg-Pamieci-Sybiru-2022-Karpinski-25-1024x684.jpg\" alt=\"\" class=\"wp-image-12151\" srcset=\"https:\/\/sybir.bialystok.pl\/wp-content\/uploads\/2022\/02\/Bieg-Pamieci-Sybiru-2022-Karpinski-25-1024x684.jpg 1024w, https:\/\/sybir.bialystok.pl\/wp-content\/uploads\/2022\/02\/Bieg-Pamieci-Sybiru-2022-Karpinski-25-300x200.jpg 300w, https:\/\/sybir.bialystok.pl\/wp-content\/uploads\/2022\/02\/Bieg-Pamieci-Sybiru-2022-Karpinski-25-768x513.jpg 768w, https:\/\/sybir.bialystok.pl\/wp-content\/uploads\/2022\/02\/Bieg-Pamieci-Sybiru-2022-Karpinski-25-1536x1025.jpg 1536w, https:\/\/sybir.bialystok.pl\/wp-content\/uploads\/2022\/02\/Bieg-Pamieci-Sybiru-2022-Karpinski-25.jpg 2048w\" sizes=\"auto, (max-width: 1024px) 100vw, 1024px\" \/><\/a><\/figure>\n\n\n\n<figure class=\"wp-block-image size-large\"><a href=\"https:\/\/sybir.bialystok.pl\/wp-content\/uploads\/2023\/02\/2023-BPS-3.jpg\"><img loading=\"lazy\" decoding=\"async\" width=\"1024\" height=\"682\" data-id=\"17297\" src=\"https:\/\/sybir.bialystok.pl\/wp-content\/uploads\/2023\/02\/2023-BPS-3-1024x682.jpg\" alt=\"Uczestnicy Biegu Pami\u0119ci Sybiru\" class=\"wp-image-17297\" srcset=\"https:\/\/sybir.bialystok.pl\/wp-content\/uploads\/2023\/02\/2023-BPS-3-1024x682.jpg 1024w, https:\/\/sybir.bialystok.pl\/wp-content\/uploads\/2023\/02\/2023-BPS-3-300x200.jpg 300w, https:\/\/sybir.bialystok.pl\/wp-content\/uploads\/2023\/02\/2023-BPS-3-768x511.jpg 768w, https:\/\/sybir.bialystok.pl\/wp-content\/uploads\/2023\/02\/2023-BPS-3-1536x1022.jpg 1536w, https:\/\/sybir.bialystok.pl\/wp-content\/uploads\/2023\/02\/2023-BPS-3.jpg 2048w\" sizes=\"auto, (max-width: 1024px) 100vw, 1024px\" \/><\/a><\/figure>\n<\/figure>\n\n\n\n<p><\/p>\n","protected":false},"excerpt":{"rendered":"<p>\u041a\u0430\u043a \u0438 \u0432 \u043f\u0440\u043e\u0448\u043b\u043e\u043c \u0433\u043e\u0434\u0443, \u0411\u0435\u0433 \u043f\u0430\u043c\u044f\u0442\u0438 \u0421\u0438\u0431\u0438\u0440\u0438 \u043f\u0440\u043e\u0439\u0434\u0435\u0442 \u0441\u0442\u0430\u0446\u0438\u043e\u043d\u0430\u0440\u043d\u043e \u0432 \u0434\u0432\u0443\u0445 \u043f\u043e\u043b\u044c\u0441\u043a\u0438\u0445 \u0433\u043e\u0440\u043e\u0434\u0430\u0445. \u0423\u0447\u0430\u0441\u0442\u0432\u043e\u0432\u0430\u0442\u044c \u0432\u0438\u0440\u0442\u0443\u0430\u043b\u044c\u043d\u043e \u043f\u0440\u0438\u0433\u043b\u0430\u0448\u0430\u0435\u043c \u0436\u0435\u043b\u0430\u044e\u0449\u0438\u0445 \u0441\u043e \u0432\u0441\u0435\u0433\u043e \u043c\u0438\u0440\u0430. <\/p>\n","protected":false},"author":10,"featured_media":17515,"comment_status":"closed","ping_status":"closed","sticky":false,"template":"","format":"standard","meta":{"_acf_changed":false,"_editorskit_title_hidden":false,"_editorskit_reading_time":0,"_editorskit_is_block_options_detached":false,"_editorskit_block_options_position":"{}","footnotes":""},"categories":[5],"tags":[128,104,144],"class_list":["post-23837","post","type-post","status-publish","format-standard","has-post-thumbnail","hentry","category-5","tag-bieg-pamieci-sybiru-ru","tag-potomkowie-sybirakow-ru","tag-sybiracy-ru"],"acf":[],"yoast_head":"<!-- This site is optimized with the Yoast SEO plugin v24.6 - https:\/\/yoast.com\/wordpress\/plugins\/seo\/ -->\n<title>\u041d\u0430\u0447\u0430\u043b\u0430\u0441\u044c \u0440\u0435\u0433\u0438\u0441\u0442\u0440\u0430\u0446\u0438\u044f \u043d\u0430 6-\u0439 \u0411\u0435\u0433 \u043f\u0430\u043c\u044f\u0442\u0438 \u0421\u0438\u0431\u0438\u0440\u0438 - Muzeum Pami\u0119ci Sybiru<\/title>\n<meta name=\"description\" content=\"\u041a\u0430\u043a \u0438 \u0432 \u043f\u0440\u043e\u0448\u043b\u043e\u043c \u0433\u043e\u0434\u0443, \u0411\u0435\u0433 \u043f\u0430\u043c\u044f\u0442\u0438 \u0421\u0438\u0431\u0438\u0440\u0438 \u043f\u0440\u043e\u0439\u0434\u0435\u0442 \u0441\u0442\u0430\u0446\u0438\u043e\u043d\u0430\u0440\u043d\u043e \u0432 \u0434\u0432\u0443\u0445 \u043f\u043e\u043b\u044c\u0441\u043a\u0438\u0445 \u0433\u043e\u0440\u043e\u0434\u0430\u0445. \u0423\u0447\u0430\u0441\u0442\u0432\u043e\u0432\u0430\u0442\u044c \u0432\u0438\u0440\u0442\u0443\u0430\u043b\u044c\u043d\u043e \u043f\u0440\u0438\u0433\u043b\u0430\u0448\u0430\u0435\u043c \u0436\u0435\u043b\u0430\u044e\u0449\u0438\u0445 \u0441\u043e \u0432\u0441\u0435\u0433\u043e \u043c\u0438\u0440\u0430.\" \/>\n<meta name=\"robots\" content=\"index, follow, max-snippet:-1, max-image-preview:large, max-video-preview:-1\" \/>\n<link rel=\"canonical\" href=\"https:\/\/sybir.bialystok.pl\/ru\/ruszyly-zapisy-na-6-bieg-pamieci-sybiru\/\" \/>\n<meta property=\"og:locale\" content=\"ru_RU\" \/>\n<meta property=\"og:type\" content=\"article\" \/>\n<meta property=\"og:title\" content=\"\u041d\u0430\u0447\u0430\u043b\u0430\u0441\u044c \u0440\u0435\u0433\u0438\u0441\u0442\u0440\u0430\u0446\u0438\u044f \u043d\u0430 6-\u0439 \u0411\u0435\u0433 \u043f\u0430\u043c\u044f\u0442\u0438 \u0421\u0438\u0431\u0438\u0440\u0438 - Muzeum Pami\u0119ci Sybiru\" \/>\n<meta property=\"og:description\" content=\"\u041a\u0430\u043a \u0438 \u0432 \u043f\u0440\u043e\u0448\u043b\u043e\u043c \u0433\u043e\u0434\u0443, \u0411\u0435\u0433 \u043f\u0430\u043c\u044f\u0442\u0438 \u0421\u0438\u0431\u0438\u0440\u0438 \u043f\u0440\u043e\u0439\u0434\u0435\u0442 \u0441\u0442\u0430\u0446\u0438\u043e\u043d\u0430\u0440\u043d\u043e \u0432 \u0434\u0432\u0443\u0445 \u043f\u043e\u043b\u044c\u0441\u043a\u0438\u0445 \u0433\u043e\u0440\u043e\u0434\u0430\u0445. \u0423\u0447\u0430\u0441\u0442\u0432\u043e\u0432\u0430\u0442\u044c \u0432\u0438\u0440\u0442\u0443\u0430\u043b\u044c\u043d\u043e \u043f\u0440\u0438\u0433\u043b\u0430\u0448\u0430\u0435\u043c \u0436\u0435\u043b\u0430\u044e\u0449\u0438\u0445 \u0441\u043e \u0432\u0441\u0435\u0433\u043e \u043c\u0438\u0440\u0430.\" \/>\n<meta property=\"og:url\" content=\"https:\/\/sybir.bialystok.pl\/ru\/ruszyly-zapisy-na-6-bieg-pamieci-sybiru\/\" \/>\n<meta property=\"og:site_name\" content=\"Muzeum Pami\u0119ci Sybiru\" \/>\n<meta property=\"article:published_time\" content=\"2023-12-11T10:03:25+00:00\" \/>\n<meta property=\"article:modified_time\" content=\"2023-12-28T07:21:01+00:00\" \/>\n<meta property=\"og:image\" content=\"https:\/\/sybir.bialystok.pl\/wp-content\/uploads\/2023\/02\/20230218192820_P57A4271.jpg\" \/>\n\t<meta property=\"og:image:width\" content=\"1920\" \/>\n\t<meta property=\"og:image:height\" content=\"1280\" \/>\n\t<meta property=\"og:image:type\" content=\"image\/jpeg\" \/>\n<meta name=\"author\" content=\"Paulina Cylka\" \/>\n<meta name=\"twitter:card\" content=\"summary_large_image\" \/>\n<meta name=\"twitter:label1\" content=\"\u041d\u0430\u043f\u0438\u0441\u0430\u043d\u043e \u0430\u0432\u0442\u043e\u0440\u043e\u043c\" \/>\n\t<meta name=\"twitter:data1\" content=\"Paulina Cylka\" \/>\n<script type=\"application\/ld+json\" class=\"yoast-schema-graph\">{\"@context\":\"https:\/\/schema.org\",\"@graph\":[{\"@type\":\"WebPage\",\"@id\":\"https:\/\/sybir.bialystok.pl\/ru\/ruszyly-zapisy-na-6-bieg-pamieci-sybiru\/\",\"url\":\"https:\/\/sybir.bialystok.pl\/ru\/ruszyly-zapisy-na-6-bieg-pamieci-sybiru\/\",\"name\":\"\u041d\u0430\u0447\u0430\u043b\u0430\u0441\u044c \u0440\u0435\u0433\u0438\u0441\u0442\u0440\u0430\u0446\u0438\u044f \u043d\u0430 6-\u0439 \u0411\u0435\u0433 \u043f\u0430\u043c\u044f\u0442\u0438 \u0421\u0438\u0431\u0438\u0440\u0438 - Muzeum Pami\u0119ci Sybiru\",\"isPartOf\":{\"@id\":\"https:\/\/sybir.bialystok.pl\/ru\/#website\"},\"primaryImageOfPage\":{\"@id\":\"https:\/\/sybir.bialystok.pl\/ru\/ruszyly-zapisy-na-6-bieg-pamieci-sybiru\/#primaryimage\"},\"image\":{\"@id\":\"https:\/\/sybir.bialystok.pl\/ru\/ruszyly-zapisy-na-6-bieg-pamieci-sybiru\/#primaryimage\"},\"thumbnailUrl\":\"https:\/\/sybir.bialystok.pl\/wp-content\/uploads\/2023\/02\/20230218192820_P57A4271.jpg\",\"datePublished\":\"2023-12-11T10:03:25+00:00\",\"dateModified\":\"2023-12-28T07:21:01+00:00\",\"author\":{\"@id\":\"https:\/\/sybir.bialystok.pl\/ru\/#\/schema\/person\/3a2a6b477624c95cff527dfa9a07cdc7\"},\"description\":\"\u041a\u0430\u043a \u0438 \u0432 \u043f\u0440\u043e\u0448\u043b\u043e\u043c \u0433\u043e\u0434\u0443, \u0411\u0435\u0433 \u043f\u0430\u043c\u044f\u0442\u0438 \u0421\u0438\u0431\u0438\u0440\u0438 \u043f\u0440\u043e\u0439\u0434\u0435\u0442 \u0441\u0442\u0430\u0446\u0438\u043e\u043d\u0430\u0440\u043d\u043e \u0432 \u0434\u0432\u0443\u0445 \u043f\u043e\u043b\u044c\u0441\u043a\u0438\u0445 \u0433\u043e\u0440\u043e\u0434\u0430\u0445. \u0423\u0447\u0430\u0441\u0442\u0432\u043e\u0432\u0430\u0442\u044c \u0432\u0438\u0440\u0442\u0443\u0430\u043b\u044c\u043d\u043e \u043f\u0440\u0438\u0433\u043b\u0430\u0448\u0430\u0435\u043c \u0436\u0435\u043b\u0430\u044e\u0449\u0438\u0445 \u0441\u043e \u0432\u0441\u0435\u0433\u043e \u043c\u0438\u0440\u0430.\",\"breadcrumb\":{\"@id\":\"https:\/\/sybir.bialystok.pl\/ru\/ruszyly-zapisy-na-6-bieg-pamieci-sybiru\/#breadcrumb\"},\"inLanguage\":\"ru-RU\",\"potentialAction\":[{\"@type\":\"ReadAction\",\"target\":[\"https:\/\/sybir.bialystok.pl\/ru\/ruszyly-zapisy-na-6-bieg-pamieci-sybiru\/\"]}]},{\"@type\":\"ImageObject\",\"inLanguage\":\"ru-RU\",\"@id\":\"https:\/\/sybir.bialystok.pl\/ru\/ruszyly-zapisy-na-6-bieg-pamieci-sybiru\/#primaryimage\",\"url\":\"https:\/\/sybir.bialystok.pl\/wp-content\/uploads\/2023\/02\/20230218192820_P57A4271.jpg\",\"contentUrl\":\"https:\/\/sybir.bialystok.pl\/wp-content\/uploads\/2023\/02\/20230218192820_P57A4271.jpg\",\"width\":1920,\"height\":1280,\"caption\":\"Uczestnicy Biegu Pami\u0119ci Sybiru\"},{\"@type\":\"BreadcrumbList\",\"@id\":\"https:\/\/sybir.bialystok.pl\/ru\/ruszyly-zapisy-na-6-bieg-pamieci-sybiru\/#breadcrumb\",\"itemListElement\":[{\"@type\":\"ListItem\",\"position\":1,\"name\":\"\u0414\u043e\u043c\",\"item\":\"https:\/\/sybir.bialystok.pl\/ru\/\"},{\"@type\":\"ListItem\",\"position\":2,\"name\":\"\u041d\u0430\u0447\u0430\u043b\u0430\u0441\u044c \u0440\u0435\u0433\u0438\u0441\u0442\u0440\u0430\u0446\u0438\u044f \u043d\u0430 6-\u0439 \u0411\u0435\u0433 \u043f\u0430\u043c\u044f\u0442\u0438 \u0421\u0438\u0431\u0438\u0440\u0438\"}]},{\"@type\":\"WebSite\",\"@id\":\"https:\/\/sybir.bialystok.pl\/ru\/#website\",\"url\":\"https:\/\/sybir.bialystok.pl\/ru\/\",\"name\":\"Muzeum Pami\u0119ci Sybiru\",\"description\":\"Muzeum Pami\u0119ci Sybiru jest po\u015bwi\u0119cone ludziom, kt\u00f3rzy od ko\u0144ca XVI a\u017c do po\u0142owy XX wieku byli niewoleni i zsy\u0142ani w g\u0142\u0105b Rosji, a p\u00f3\u017aniej Zwi\u0105zku Sowieckiego, jak te\u017c tym, kt\u00f3rzy pod\u0105\u017cali tam dobrowolnie.\",\"potentialAction\":[{\"@type\":\"SearchAction\",\"target\":{\"@type\":\"EntryPoint\",\"urlTemplate\":\"https:\/\/sybir.bialystok.pl\/ru\/?s={search_term_string}\"},\"query-input\":{\"@type\":\"PropertyValueSpecification\",\"valueRequired\":true,\"valueName\":\"search_term_string\"}}],\"inLanguage\":\"ru-RU\"},{\"@type\":\"Person\",\"@id\":\"https:\/\/sybir.bialystok.pl\/ru\/#\/schema\/person\/3a2a6b477624c95cff527dfa9a07cdc7\",\"name\":\"Paulina Cylka\",\"image\":{\"@type\":\"ImageObject\",\"inLanguage\":\"ru-RU\",\"@id\":\"https:\/\/sybir.bialystok.pl\/ru\/#\/schema\/person\/image\/\",\"url\":\"https:\/\/secure.gravatar.com\/avatar\/96ca47e84b78c1c320eea8c26a423fe1802a6595176cf0b3a0019a340e3bee91?s=96&d=mm&r=g\",\"contentUrl\":\"https:\/\/secure.gravatar.com\/avatar\/96ca47e84b78c1c320eea8c26a423fe1802a6595176cf0b3a0019a340e3bee91?s=96&d=mm&r=g\",\"caption\":\"Paulina Cylka\"},\"sameAs\":[\"http:\/\/www.sybir.bialystok.pl\"]}]}<\/script>\n<!-- \/ Yoast SEO plugin. -->","yoast_head_json":{"title":"\u041d\u0430\u0447\u0430\u043b\u0430\u0441\u044c \u0440\u0435\u0433\u0438\u0441\u0442\u0440\u0430\u0446\u0438\u044f \u043d\u0430 6-\u0439 \u0411\u0435\u0433 \u043f\u0430\u043c\u044f\u0442\u0438 \u0421\u0438\u0431\u0438\u0440\u0438 - Muzeum Pami\u0119ci Sybiru","description":"\u041a\u0430\u043a \u0438 \u0432 \u043f\u0440\u043e\u0448\u043b\u043e\u043c \u0433\u043e\u0434\u0443, \u0411\u0435\u0433 \u043f\u0430\u043c\u044f\u0442\u0438 \u0421\u0438\u0431\u0438\u0440\u0438 \u043f\u0440\u043e\u0439\u0434\u0435\u0442 \u0441\u0442\u0430\u0446\u0438\u043e\u043d\u0430\u0440\u043d\u043e \u0432 \u0434\u0432\u0443\u0445 \u043f\u043e\u043b\u044c\u0441\u043a\u0438\u0445 \u0433\u043e\u0440\u043e\u0434\u0430\u0445. \u0423\u0447\u0430\u0441\u0442\u0432\u043e\u0432\u0430\u0442\u044c \u0432\u0438\u0440\u0442\u0443\u0430\u043b\u044c\u043d\u043e \u043f\u0440\u0438\u0433\u043b\u0430\u0448\u0430\u0435\u043c \u0436\u0435\u043b\u0430\u044e\u0449\u0438\u0445 \u0441\u043e \u0432\u0441\u0435\u0433\u043e \u043c\u0438\u0440\u0430.","robots":{"index":"index","follow":"follow","max-snippet":"max-snippet:-1","max-image-preview":"max-image-preview:large","max-video-preview":"max-video-preview:-1"},"canonical":"https:\/\/sybir.bialystok.pl\/ru\/ruszyly-zapisy-na-6-bieg-pamieci-sybiru\/","og_locale":"ru_RU","og_type":"article","og_title":"\u041d\u0430\u0447\u0430\u043b\u0430\u0441\u044c \u0440\u0435\u0433\u0438\u0441\u0442\u0440\u0430\u0446\u0438\u044f \u043d\u0430 6-\u0439 \u0411\u0435\u0433 \u043f\u0430\u043c\u044f\u0442\u0438 \u0421\u0438\u0431\u0438\u0440\u0438 - Muzeum Pami\u0119ci Sybiru","og_description":"\u041a\u0430\u043a \u0438 \u0432 \u043f\u0440\u043e\u0448\u043b\u043e\u043c \u0433\u043e\u0434\u0443, \u0411\u0435\u0433 \u043f\u0430\u043c\u044f\u0442\u0438 \u0421\u0438\u0431\u0438\u0440\u0438 \u043f\u0440\u043e\u0439\u0434\u0435\u0442 \u0441\u0442\u0430\u0446\u0438\u043e\u043d\u0430\u0440\u043d\u043e \u0432 \u0434\u0432\u0443\u0445 \u043f\u043e\u043b\u044c\u0441\u043a\u0438\u0445 \u0433\u043e\u0440\u043e\u0434\u0430\u0445. \u0423\u0447\u0430\u0441\u0442\u0432\u043e\u0432\u0430\u0442\u044c \u0432\u0438\u0440\u0442\u0443\u0430\u043b\u044c\u043d\u043e \u043f\u0440\u0438\u0433\u043b\u0430\u0448\u0430\u0435\u043c \u0436\u0435\u043b\u0430\u044e\u0449\u0438\u0445 \u0441\u043e \u0432\u0441\u0435\u0433\u043e \u043c\u0438\u0440\u0430.","og_url":"https:\/\/sybir.bialystok.pl\/ru\/ruszyly-zapisy-na-6-bieg-pamieci-sybiru\/","og_site_name":"Muzeum Pami\u0119ci Sybiru","article_published_time":"2023-12-11T10:03:25+00:00","article_modified_time":"2023-12-28T07:21:01+00:00","og_image":[{"width":1920,"height":1280,"url":"https:\/\/sybir.bialystok.pl\/wp-content\/uploads\/2023\/02\/20230218192820_P57A4271.jpg","type":"image\/jpeg"}],"author":"Paulina Cylka","twitter_card":"summary_large_image","twitter_misc":{"\u041d\u0430\u043f\u0438\u0441\u0430\u043d\u043e \u0430\u0432\u0442\u043e\u0440\u043e\u043c":"Paulina Cylka"},"schema":{"@context":"https:\/\/schema.org","@graph":[{"@type":"WebPage","@id":"https:\/\/sybir.bialystok.pl\/ru\/ruszyly-zapisy-na-6-bieg-pamieci-sybiru\/","url":"https:\/\/sybir.bialystok.pl\/ru\/ruszyly-zapisy-na-6-bieg-pamieci-sybiru\/","name":"\u041d\u0430\u0447\u0430\u043b\u0430\u0441\u044c \u0440\u0435\u0433\u0438\u0441\u0442\u0440\u0430\u0446\u0438\u044f \u043d\u0430 6-\u0439 \u0411\u0435\u0433 \u043f\u0430\u043c\u044f\u0442\u0438 \u0421\u0438\u0431\u0438\u0440\u0438 - Muzeum Pami\u0119ci Sybiru","isPartOf":{"@id":"https:\/\/sybir.bialystok.pl\/ru\/#website"},"primaryImageOfPage":{"@id":"https:\/\/sybir.bialystok.pl\/ru\/ruszyly-zapisy-na-6-bieg-pamieci-sybiru\/#primaryimage"},"image":{"@id":"https:\/\/sybir.bialystok.pl\/ru\/ruszyly-zapisy-na-6-bieg-pamieci-sybiru\/#primaryimage"},"thumbnailUrl":"https:\/\/sybir.bialystok.pl\/wp-content\/uploads\/2023\/02\/20230218192820_P57A4271.jpg","datePublished":"2023-12-11T10:03:25+00:00","dateModified":"2023-12-28T07:21:01+00:00","author":{"@id":"https:\/\/sybir.bialystok.pl\/ru\/#\/schema\/person\/3a2a6b477624c95cff527dfa9a07cdc7"},"description":"\u041a\u0430\u043a \u0438 \u0432 \u043f\u0440\u043e\u0448\u043b\u043e\u043c \u0433\u043e\u0434\u0443, \u0411\u0435\u0433 \u043f\u0430\u043c\u044f\u0442\u0438 \u0421\u0438\u0431\u0438\u0440\u0438 \u043f\u0440\u043e\u0439\u0434\u0435\u0442 \u0441\u0442\u0430\u0446\u0438\u043e\u043d\u0430\u0440\u043d\u043e \u0432 \u0434\u0432\u0443\u0445 \u043f\u043e\u043b\u044c\u0441\u043a\u0438\u0445 \u0433\u043e\u0440\u043e\u0434\u0430\u0445. \u0423\u0447\u0430\u0441\u0442\u0432\u043e\u0432\u0430\u0442\u044c \u0432\u0438\u0440\u0442\u0443\u0430\u043b\u044c\u043d\u043e \u043f\u0440\u0438\u0433\u043b\u0430\u0448\u0430\u0435\u043c \u0436\u0435\u043b\u0430\u044e\u0449\u0438\u0445 \u0441\u043e \u0432\u0441\u0435\u0433\u043e \u043c\u0438\u0440\u0430.","breadcrumb":{"@id":"https:\/\/sybir.bialystok.pl\/ru\/ruszyly-zapisy-na-6-bieg-pamieci-sybiru\/#breadcrumb"},"inLanguage":"ru-RU","potentialAction":[{"@type":"ReadAction","target":["https:\/\/sybir.bialystok.pl\/ru\/ruszyly-zapisy-na-6-bieg-pamieci-sybiru\/"]}]},{"@type":"ImageObject","inLanguage":"ru-RU","@id":"https:\/\/sybir.bialystok.pl\/ru\/ruszyly-zapisy-na-6-bieg-pamieci-sybiru\/#primaryimage","url":"https:\/\/sybir.bialystok.pl\/wp-content\/uploads\/2023\/02\/20230218192820_P57A4271.jpg","contentUrl":"https:\/\/sybir.bialystok.pl\/wp-content\/uploads\/2023\/02\/20230218192820_P57A4271.jpg","width":1920,"height":1280,"caption":"Uczestnicy Biegu Pami\u0119ci Sybiru"},{"@type":"BreadcrumbList","@id":"https:\/\/sybir.bialystok.pl\/ru\/ruszyly-zapisy-na-6-bieg-pamieci-sybiru\/#breadcrumb","itemListElement":[{"@type":"ListItem","position":1,"name":"\u0414\u043e\u043c","item":"https:\/\/sybir.bialystok.pl\/ru\/"},{"@type":"ListItem","position":2,"name":"\u041d\u0430\u0447\u0430\u043b\u0430\u0441\u044c \u0440\u0435\u0433\u0438\u0441\u0442\u0440\u0430\u0446\u0438\u044f \u043d\u0430 6-\u0439 \u0411\u0435\u0433 \u043f\u0430\u043c\u044f\u0442\u0438 \u0421\u0438\u0431\u0438\u0440\u0438"}]},{"@type":"WebSite","@id":"https:\/\/sybir.bialystok.pl\/ru\/#website","url":"https:\/\/sybir.bialystok.pl\/ru\/","name":"Muzeum Pami\u0119ci Sybiru","description":"Muzeum Pami\u0119ci Sybiru jest po\u015bwi\u0119cone ludziom, kt\u00f3rzy od ko\u0144ca XVI a\u017c do po\u0142owy XX wieku byli niewoleni i zsy\u0142ani w g\u0142\u0105b Rosji, a p\u00f3\u017aniej Zwi\u0105zku Sowieckiego, jak te\u017c tym, kt\u00f3rzy pod\u0105\u017cali tam dobrowolnie.","potentialAction":[{"@type":"SearchAction","target":{"@type":"EntryPoint","urlTemplate":"https:\/\/sybir.bialystok.pl\/ru\/?s={search_term_string}"},"query-input":{"@type":"PropertyValueSpecification","valueRequired":true,"valueName":"search_term_string"}}],"inLanguage":"ru-RU"},{"@type":"Person","@id":"https:\/\/sybir.bialystok.pl\/ru\/#\/schema\/person\/3a2a6b477624c95cff527dfa9a07cdc7","name":"Paulina Cylka","image":{"@type":"ImageObject","inLanguage":"ru-RU","@id":"https:\/\/sybir.bialystok.pl\/ru\/#\/schema\/person\/image\/","url":"https:\/\/secure.gravatar.com\/avatar\/96ca47e84b78c1c320eea8c26a423fe1802a6595176cf0b3a0019a340e3bee91?s=96&d=mm&r=g","contentUrl":"https:\/\/secure.gravatar.com\/avatar\/96ca47e84b78c1c320eea8c26a423fe1802a6595176cf0b3a0019a340e3bee91?s=96&d=mm&r=g","caption":"Paulina Cylka"},"sameAs":["http:\/\/www.sybir.bialystok.pl"]}]}},"_links":{"self":[{"href":"https:\/\/sybir.bialystok.pl\/ru\/wp-json\/wp\/v2\/posts\/23837","targetHints":{"allow":["GET"]}}],"collection":[{"href":"https:\/\/sybir.bialystok.pl\/ru\/wp-json\/wp\/v2\/posts"}],"about":[{"href":"https:\/\/sybir.bialystok.pl\/ru\/wp-json\/wp\/v2\/types\/post"}],"author":[{"embeddable":true,"href":"https:\/\/sybir.bialystok.pl\/ru\/wp-json\/wp\/v2\/users\/10"}],"replies":[{"embeddable":true,"href":"https:\/\/sybir.bialystok.pl\/ru\/wp-json\/wp\/v2\/comments?post=23837"}],"version-history":[{"count":2,"href":"https:\/\/sybir.bialystok.pl\/ru\/wp-json\/wp\/v2\/posts\/23837\/revisions"}],"predecessor-version":[{"id":23840,"href":"https:\/\/sybir.bialystok.pl\/ru\/wp-json\/wp\/v2\/posts\/23837\/revisions\/23840"}],"wp:featuredmedia":[{"embeddable":true,"href":"https:\/\/sybir.bialystok.pl\/ru\/wp-json\/wp\/v2\/media\/17515"}],"wp:attachment":[{"href":"https:\/\/sybir.bialystok.pl\/ru\/wp-json\/wp\/v2\/media?parent=23837"}],"wp:term":[{"taxonomy":"category","embeddable":true,"href":"https:\/\/sybir.bialystok.pl\/ru\/wp-json\/wp\/v2\/categories?post=23837"},{"taxonomy":"post_tag","embeddable":true,"href":"https:\/\/sybir.bialystok.pl\/ru\/wp-json\/wp\/v2\/tags?post=23837"}],"curies":[{"name":"wp","href":"https:\/\/api.w.org\/{rel}","templated":true}]}}