{"id":45515,"date":"2026-04-27T15:12:46","date_gmt":"2026-04-27T13:12:46","guid":{"rendered":"https:\/\/sybir.bialystok.pl\/?p=45515"},"modified":"2026-04-29T15:14:10","modified_gmt":"2026-04-29T13:14:10","slug":"long-night-of-museums-2026-at-the-sybir-memorial-museum","status":"publish","type":"post","link":"https:\/\/sybir.bialystok.pl\/en\/long-night-of-museums-2026-at-the-sybir-memorial-museum\/","title":{"rendered":"Long Night of Museums 2026 at the Sybir Memorial Museum"},"content":{"rendered":"\n<p>We encourage you to explore our permanent exhibition in a unique evening setting. We have prepared a rich and engaging program\u2014please see the schedule below.<\/p>\n\n\n\n<h2 class=\"wp-block-heading has-vivid-red-color has-text-color has-link-color wp-elements-93492254d4d528f4fc0098701657b633\">6:00 p.m. \u2013 12:00 a.m.<\/h2>\n\n\n\n<ul class=\"wp-block-list\">\n<li>Free self-guided visits to the permanent exhibition (last entry at 11:00 p.m.; capacity is limited)<br><\/li>\n\n\n\n<li>Poppies from Monte Cassino \u2013 the first presentation of a remarkable exhibit: poppies picked in 1944 at Monte Cassino by a soldier of Anders\u2019 Army. They traveled with him to New Zealand, and from there to Bia\u0142ystok.<\/li>\n<\/ul>\n\n\n\n<figure class=\"wp-block-gallery has-nested-images columns-default is-cropped wp-block-gallery-1 is-layout-flex wp-block-gallery-is-layout-flex\">\n<figure class=\"wp-block-image size-large\"><a href=\"https:\/\/sybir.bialystok.pl\/wp-content\/uploads\/2026\/04\/Noc_Muzeow_2025_05_17_20.jpg\"><img loading=\"lazy\" decoding=\"async\" width=\"1024\" height=\"683\" data-id=\"45399\" src=\"https:\/\/sybir.bialystok.pl\/wp-content\/uploads\/2026\/04\/Noc_Muzeow_2025_05_17_20-1024x683.jpg\" alt=\"\" class=\"wp-image-45399\" srcset=\"https:\/\/sybir.bialystok.pl\/wp-content\/uploads\/2026\/04\/Noc_Muzeow_2025_05_17_20-1024x683.jpg 1024w, https:\/\/sybir.bialystok.pl\/wp-content\/uploads\/2026\/04\/Noc_Muzeow_2025_05_17_20-300x200.jpg 300w, https:\/\/sybir.bialystok.pl\/wp-content\/uploads\/2026\/04\/Noc_Muzeow_2025_05_17_20-768x512.jpg 768w, https:\/\/sybir.bialystok.pl\/wp-content\/uploads\/2026\/04\/Noc_Muzeow_2025_05_17_20-1536x1024.jpg 1536w, https:\/\/sybir.bialystok.pl\/wp-content\/uploads\/2026\/04\/Noc_Muzeow_2025_05_17_20.jpg 2048w\" sizes=\"auto, (max-width: 1024px) 100vw, 1024px\" \/><\/a><\/figure>\n\n\n\n<figure class=\"wp-block-image size-large\"><a href=\"https:\/\/sybir.bialystok.pl\/wp-content\/uploads\/2026\/04\/Noc_Muzeow_2025_05_17_41.jpg\"><img loading=\"lazy\" decoding=\"async\" width=\"683\" height=\"1024\" data-id=\"45402\" src=\"https:\/\/sybir.bialystok.pl\/wp-content\/uploads\/2026\/04\/Noc_Muzeow_2025_05_17_41-683x1024.jpg\" alt=\"\" class=\"wp-image-45402\" srcset=\"https:\/\/sybir.bialystok.pl\/wp-content\/uploads\/2026\/04\/Noc_Muzeow_2025_05_17_41-683x1024.jpg 683w, https:\/\/sybir.bialystok.pl\/wp-content\/uploads\/2026\/04\/Noc_Muzeow_2025_05_17_41-200x300.jpg 200w, https:\/\/sybir.bialystok.pl\/wp-content\/uploads\/2026\/04\/Noc_Muzeow_2025_05_17_41-768x1152.jpg 768w, https:\/\/sybir.bialystok.pl\/wp-content\/uploads\/2026\/04\/Noc_Muzeow_2025_05_17_41-1024x1536.jpg 1024w, https:\/\/sybir.bialystok.pl\/wp-content\/uploads\/2026\/04\/Noc_Muzeow_2025_05_17_41.jpg 1365w\" sizes=\"auto, (max-width: 683px) 100vw, 683px\" \/><\/a><\/figure>\n\n\n\n<figure class=\"wp-block-image size-large\"><a href=\"https:\/\/sybir.bialystok.pl\/wp-content\/uploads\/2026\/04\/Noc_Muzeow_2025_05_17_56.jpg\"><img loading=\"lazy\" decoding=\"async\" width=\"1024\" height=\"683\" data-id=\"45405\" src=\"https:\/\/sybir.bialystok.pl\/wp-content\/uploads\/2026\/04\/Noc_Muzeow_2025_05_17_56-1024x683.jpg\" alt=\"\" class=\"wp-image-45405\" srcset=\"https:\/\/sybir.bialystok.pl\/wp-content\/uploads\/2026\/04\/Noc_Muzeow_2025_05_17_56-1024x683.jpg 1024w, https:\/\/sybir.bialystok.pl\/wp-content\/uploads\/2026\/04\/Noc_Muzeow_2025_05_17_56-300x200.jpg 300w, https:\/\/sybir.bialystok.pl\/wp-content\/uploads\/2026\/04\/Noc_Muzeow_2025_05_17_56-768x512.jpg 768w, https:\/\/sybir.bialystok.pl\/wp-content\/uploads\/2026\/04\/Noc_Muzeow_2025_05_17_56-1536x1024.jpg 1536w, https:\/\/sybir.bialystok.pl\/wp-content\/uploads\/2026\/04\/Noc_Muzeow_2025_05_17_56.jpg 2048w\" sizes=\"auto, (max-width: 1024px) 100vw, 1024px\" \/><\/a><\/figure>\n\n\n\n<figure class=\"wp-block-image size-large\"><a href=\"https:\/\/sybir.bialystok.pl\/wp-content\/uploads\/2026\/04\/Noc_Muzeow_2025_05_17_58.jpg\"><img loading=\"lazy\" decoding=\"async\" width=\"1024\" height=\"683\" data-id=\"45408\" src=\"https:\/\/sybir.bialystok.pl\/wp-content\/uploads\/2026\/04\/Noc_Muzeow_2025_05_17_58-1024x683.jpg\" alt=\"\" class=\"wp-image-45408\" srcset=\"https:\/\/sybir.bialystok.pl\/wp-content\/uploads\/2026\/04\/Noc_Muzeow_2025_05_17_58-1024x683.jpg 1024w, https:\/\/sybir.bialystok.pl\/wp-content\/uploads\/2026\/04\/Noc_Muzeow_2025_05_17_58-300x200.jpg 300w, https:\/\/sybir.bialystok.pl\/wp-content\/uploads\/2026\/04\/Noc_Muzeow_2025_05_17_58-768x512.jpg 768w, https:\/\/sybir.bialystok.pl\/wp-content\/uploads\/2026\/04\/Noc_Muzeow_2025_05_17_58-1536x1024.jpg 1536w, https:\/\/sybir.bialystok.pl\/wp-content\/uploads\/2026\/04\/Noc_Muzeow_2025_05_17_58.jpg 2048w\" sizes=\"auto, (max-width: 1024px) 100vw, 1024px\" \/><\/a><\/figure>\n\n\n\n<figure class=\"wp-block-image size-large\"><a href=\"https:\/\/sybir.bialystok.pl\/wp-content\/uploads\/2026\/04\/Noc_Muzeow_2025_05_17_73.jpg\"><img loading=\"lazy\" decoding=\"async\" width=\"1024\" height=\"683\" data-id=\"45411\" src=\"https:\/\/sybir.bialystok.pl\/wp-content\/uploads\/2026\/04\/Noc_Muzeow_2025_05_17_73-1024x683.jpg\" alt=\"\" class=\"wp-image-45411\" srcset=\"https:\/\/sybir.bialystok.pl\/wp-content\/uploads\/2026\/04\/Noc_Muzeow_2025_05_17_73-1024x683.jpg 1024w, https:\/\/sybir.bialystok.pl\/wp-content\/uploads\/2026\/04\/Noc_Muzeow_2025_05_17_73-300x200.jpg 300w, https:\/\/sybir.bialystok.pl\/wp-content\/uploads\/2026\/04\/Noc_Muzeow_2025_05_17_73-768x512.jpg 768w, https:\/\/sybir.bialystok.pl\/wp-content\/uploads\/2026\/04\/Noc_Muzeow_2025_05_17_73-1536x1024.jpg 1536w, https:\/\/sybir.bialystok.pl\/wp-content\/uploads\/2026\/04\/Noc_Muzeow_2025_05_17_73.jpg 2048w\" sizes=\"auto, (max-width: 1024px) 100vw, 1024px\" \/><\/a><\/figure>\n<\/figure>\n\n\n\n<h2 class=\"wp-block-heading has-vivid-red-color has-text-color has-link-color wp-elements-e687e9924cf2fc9d508d19ef613a0272\">4:00 p.m. \u2013 8:00 p.m.<\/h2>\n\n\n\n<p><strong>Square in front of the Museum building, 1 W\u0119glowa Street<\/strong><\/p>\n\n\n\n<ul class=\"wp-block-list\">\n<li>From Siberia to the Middle East \u2013 1942 \u2013 a presentation of uniforms and equipment used by Anders\u2019 Army soldiers during their time in the Middle East, featuring a tent with an original radio station and communications equipment, as well as a combat position with a heavy machine gun (historical reenactment group)<br><\/li>\n\n\n\n<li>Red Poppies \u2013 rosettes \u2013 children\u2019s workshops on making commemorative paper rosettes<br><\/li>\n\n\n\n<li>First Aid \u2013 demonstration and training station: CPR practice on mannequins for both adults and children, AED operation, and presentation of professional rescue equipment<br><\/li>\n\n\n\n<li>Eco Picnic \u2013 workshops on proper waste segregation, making eco-bags and eco-keychains, and an opportunity to view the inside of a beehive<br><\/li>\n\n\n\n<li>Stay Healthy! \u2013 educational and promotional stands offering BMI, metabolic age, and hydration measurements; assistance with obtaining a European Health Insurance Card (EHIC); and guidance on how to correctly call emergency services (999) and communicate with a dispatcher.<\/li>\n<\/ul>\n\n\n\n<figure class=\"wp-block-gallery has-nested-images columns-default is-cropped wp-block-gallery-2 is-layout-flex wp-block-gallery-is-layout-flex\">\n<figure class=\"wp-block-image size-large\"><a href=\"https:\/\/sybir.bialystok.pl\/wp-content\/uploads\/2026\/04\/Noc_Muzeow_2025_05_17_10.jpg\"><img loading=\"lazy\" decoding=\"async\" width=\"1024\" height=\"683\" data-id=\"45420\" src=\"https:\/\/sybir.bialystok.pl\/wp-content\/uploads\/2026\/04\/Noc_Muzeow_2025_05_17_10-1024x683.jpg\" alt=\"\" class=\"wp-image-45420\" srcset=\"https:\/\/sybir.bialystok.pl\/wp-content\/uploads\/2026\/04\/Noc_Muzeow_2025_05_17_10-1024x683.jpg 1024w, https:\/\/sybir.bialystok.pl\/wp-content\/uploads\/2026\/04\/Noc_Muzeow_2025_05_17_10-300x200.jpg 300w, https:\/\/sybir.bialystok.pl\/wp-content\/uploads\/2026\/04\/Noc_Muzeow_2025_05_17_10-768x512.jpg 768w, https:\/\/sybir.bialystok.pl\/wp-content\/uploads\/2026\/04\/Noc_Muzeow_2025_05_17_10-1536x1024.jpg 1536w, https:\/\/sybir.bialystok.pl\/wp-content\/uploads\/2026\/04\/Noc_Muzeow_2025_05_17_10.jpg 2048w\" sizes=\"auto, (max-width: 1024px) 100vw, 1024px\" \/><\/a><\/figure>\n\n\n\n<figure class=\"wp-block-image size-large\"><a href=\"https:\/\/sybir.bialystok.pl\/wp-content\/uploads\/2026\/04\/Noc_Muzeow_2025_05_17_13.jpg\"><img loading=\"lazy\" decoding=\"async\" width=\"1024\" height=\"683\" data-id=\"45423\" src=\"https:\/\/sybir.bialystok.pl\/wp-content\/uploads\/2026\/04\/Noc_Muzeow_2025_05_17_13-1024x683.jpg\" alt=\"\" class=\"wp-image-45423\" srcset=\"https:\/\/sybir.bialystok.pl\/wp-content\/uploads\/2026\/04\/Noc_Muzeow_2025_05_17_13-1024x683.jpg 1024w, https:\/\/sybir.bialystok.pl\/wp-content\/uploads\/2026\/04\/Noc_Muzeow_2025_05_17_13-300x200.jpg 300w, https:\/\/sybir.bialystok.pl\/wp-content\/uploads\/2026\/04\/Noc_Muzeow_2025_05_17_13-768x512.jpg 768w, https:\/\/sybir.bialystok.pl\/wp-content\/uploads\/2026\/04\/Noc_Muzeow_2025_05_17_13-1536x1024.jpg 1536w, https:\/\/sybir.bialystok.pl\/wp-content\/uploads\/2026\/04\/Noc_Muzeow_2025_05_17_13.jpg 2048w\" sizes=\"auto, (max-width: 1024px) 100vw, 1024px\" \/><\/a><\/figure>\n\n\n\n<figure class=\"wp-block-image size-large\"><a href=\"https:\/\/sybir.bialystok.pl\/wp-content\/uploads\/2026\/04\/Noc_Muzeow_2025_05_17_05.jpg\"><img loading=\"lazy\" decoding=\"async\" width=\"1024\" height=\"683\" data-id=\"45432\" src=\"https:\/\/sybir.bialystok.pl\/wp-content\/uploads\/2026\/04\/Noc_Muzeow_2025_05_17_05-1024x683.jpg\" alt=\"\" class=\"wp-image-45432\" srcset=\"https:\/\/sybir.bialystok.pl\/wp-content\/uploads\/2026\/04\/Noc_Muzeow_2025_05_17_05-1024x683.jpg 1024w, https:\/\/sybir.bialystok.pl\/wp-content\/uploads\/2026\/04\/Noc_Muzeow_2025_05_17_05-300x200.jpg 300w, https:\/\/sybir.bialystok.pl\/wp-content\/uploads\/2026\/04\/Noc_Muzeow_2025_05_17_05-768x512.jpg 768w, https:\/\/sybir.bialystok.pl\/wp-content\/uploads\/2026\/04\/Noc_Muzeow_2025_05_17_05-1536x1024.jpg 1536w, https:\/\/sybir.bialystok.pl\/wp-content\/uploads\/2026\/04\/Noc_Muzeow_2025_05_17_05.jpg 2048w\" sizes=\"auto, (max-width: 1024px) 100vw, 1024px\" \/><\/a><\/figure>\n\n\n\n<figure class=\"wp-block-image size-large\"><a href=\"https:\/\/sybir.bialystok.pl\/wp-content\/uploads\/2026\/04\/Noc_Muzeow_2025_05_17_42.jpg\"><img loading=\"lazy\" decoding=\"async\" width=\"1024\" height=\"683\" data-id=\"45426\" src=\"https:\/\/sybir.bialystok.pl\/wp-content\/uploads\/2026\/04\/Noc_Muzeow_2025_05_17_42-1024x683.jpg\" alt=\"\" class=\"wp-image-45426\" srcset=\"https:\/\/sybir.bialystok.pl\/wp-content\/uploads\/2026\/04\/Noc_Muzeow_2025_05_17_42-1024x683.jpg 1024w, https:\/\/sybir.bialystok.pl\/wp-content\/uploads\/2026\/04\/Noc_Muzeow_2025_05_17_42-300x200.jpg 300w, https:\/\/sybir.bialystok.pl\/wp-content\/uploads\/2026\/04\/Noc_Muzeow_2025_05_17_42-768x512.jpg 768w, https:\/\/sybir.bialystok.pl\/wp-content\/uploads\/2026\/04\/Noc_Muzeow_2025_05_17_42-1536x1024.jpg 1536w, https:\/\/sybir.bialystok.pl\/wp-content\/uploads\/2026\/04\/Noc_Muzeow_2025_05_17_42.jpg 2048w\" sizes=\"auto, (max-width: 1024px) 100vw, 1024px\" \/><\/a><\/figure>\n<\/figure>\n\n\n\n<p><strong>Welcome!<\/strong><\/p>\n\n\n\n<!--more-->\n","protected":false},"excerpt":{"rendered":"<p>On May 16, we invite you to the Sybir Memorial Museum for the Long Night of Museums. That evening will feature the first-ever presentation of an extraordinary exhibit \u2013 poppies from Monte Cassino, newly added to the Museum\u2019s collection.<\/p>\n","protected":false},"author":8,"featured_media":45427,"comment_status":"closed","ping_status":"closed","sticky":false,"template":"","format":"standard","meta":{"_acf_changed":false,"_editorskit_title_hidden":false,"_editorskit_reading_time":0,"_editorskit_is_block_options_detached":false,"_editorskit_block_options_position":"{}","footnotes":""},"categories":[4],"tags":[],"class_list":["post-45515","post","type-post","status-publish","format-standard","has-post-thumbnail","hentry","category-uncategorized"],"acf":[],"yoast_head":"<!-- This site is optimized with the Yoast SEO plugin v24.6 - https:\/\/yoast.com\/wordpress\/plugins\/seo\/ -->\n<title>Long Night of Museums 2026 at the Sybir Memorial Museum - Muzeum Pami\u0119ci Sybiru<\/title>\n<meta name=\"robots\" content=\"index, follow, max-snippet:-1, max-image-preview:large, max-video-preview:-1\" \/>\n<link rel=\"canonical\" href=\"https:\/\/sybir.bialystok.pl\/en\/long-night-of-museums-2026-at-the-sybir-memorial-museum\/\" \/>\n<meta property=\"og:locale\" content=\"en_US\" \/>\n<meta property=\"og:type\" content=\"article\" \/>\n<meta property=\"og:title\" content=\"Long Night of Museums 2026 at the Sybir Memorial Museum - Muzeum Pami\u0119ci Sybiru\" \/>\n<meta property=\"og:description\" content=\"On May 16, we invite you to the Sybir Memorial Museum for the Long Night of Museums. That evening will feature the first-ever presentation of an extraordinary exhibit \u2013 poppies from Monte Cassino, newly added to the Museum\u2019s collection.\" \/>\n<meta property=\"og:url\" content=\"https:\/\/sybir.bialystok.pl\/en\/long-night-of-museums-2026-at-the-sybir-memorial-museum\/\" \/>\n<meta property=\"og:site_name\" content=\"Muzeum Pami\u0119ci Sybiru\" \/>\n<meta property=\"article:published_time\" content=\"2026-04-27T13:12:46+00:00\" \/>\n<meta property=\"article:modified_time\" content=\"2026-04-29T13:14:10+00:00\" \/>\n<meta property=\"og:image\" content=\"https:\/\/sybir.bialystok.pl\/wp-content\/uploads\/2026\/04\/Noc_Muzeow_2025_05_17_42.jpg\" \/>\n\t<meta property=\"og:image:width\" content=\"2048\" \/>\n\t<meta property=\"og:image:height\" content=\"1365\" \/>\n\t<meta property=\"og:image:type\" content=\"image\/jpeg\" \/>\n<meta name=\"author\" content=\"patrycja\" \/>\n<meta name=\"twitter:card\" content=\"summary_large_image\" \/>\n<meta name=\"twitter:label1\" content=\"Written by\" \/>\n\t<meta name=\"twitter:data1\" content=\"patrycja\" \/>\n\t<meta name=\"twitter:label2\" content=\"Est. reading time\" \/>\n\t<meta name=\"twitter:data2\" content=\"1 minute\" \/>\n<script type=\"application\/ld+json\" class=\"yoast-schema-graph\">{\"@context\":\"https:\/\/schema.org\",\"@graph\":[{\"@type\":\"WebPage\",\"@id\":\"https:\/\/sybir.bialystok.pl\/en\/long-night-of-museums-2026-at-the-sybir-memorial-museum\/\",\"url\":\"https:\/\/sybir.bialystok.pl\/en\/long-night-of-museums-2026-at-the-sybir-memorial-museum\/\",\"name\":\"Long Night of Museums 2026 at the Sybir Memorial Museum - Muzeum Pami\u0119ci Sybiru\",\"isPartOf\":{\"@id\":\"https:\/\/sybir.bialystok.pl\/en\/#website\"},\"primaryImageOfPage\":{\"@id\":\"https:\/\/sybir.bialystok.pl\/en\/long-night-of-museums-2026-at-the-sybir-memorial-museum\/#primaryimage\"},\"image\":{\"@id\":\"https:\/\/sybir.bialystok.pl\/en\/long-night-of-museums-2026-at-the-sybir-memorial-museum\/#primaryimage\"},\"thumbnailUrl\":\"https:\/\/sybir.bialystok.pl\/wp-content\/uploads\/2026\/04\/Noc_Muzeow_2025_05_17_42.jpg\",\"datePublished\":\"2026-04-27T13:12:46+00:00\",\"dateModified\":\"2026-04-29T13:14:10+00:00\",\"author\":{\"@id\":\"https:\/\/sybir.bialystok.pl\/en\/#\/schema\/person\/85b0358246e62a03dc3e65a0b9853539\"},\"breadcrumb\":{\"@id\":\"https:\/\/sybir.bialystok.pl\/en\/long-night-of-museums-2026-at-the-sybir-memorial-museum\/#breadcrumb\"},\"inLanguage\":\"en-US\",\"potentialAction\":[{\"@type\":\"ReadAction\",\"target\":[\"https:\/\/sybir.bialystok.pl\/en\/long-night-of-museums-2026-at-the-sybir-memorial-museum\/\"]}]},{\"@type\":\"ImageObject\",\"inLanguage\":\"en-US\",\"@id\":\"https:\/\/sybir.bialystok.pl\/en\/long-night-of-museums-2026-at-the-sybir-memorial-museum\/#primaryimage\",\"url\":\"https:\/\/sybir.bialystok.pl\/wp-content\/uploads\/2026\/04\/Noc_Muzeow_2025_05_17_42.jpg\",\"contentUrl\":\"https:\/\/sybir.bialystok.pl\/wp-content\/uploads\/2026\/04\/Noc_Muzeow_2025_05_17_42.jpg\",\"width\":2048,\"height\":1365},{\"@type\":\"BreadcrumbList\",\"@id\":\"https:\/\/sybir.bialystok.pl\/en\/long-night-of-museums-2026-at-the-sybir-memorial-museum\/#breadcrumb\",\"itemListElement\":[{\"@type\":\"ListItem\",\"position\":1,\"name\":\"Home page\",\"item\":\"https:\/\/sybir.bialystok.pl\/en\/\"},{\"@type\":\"ListItem\",\"position\":2,\"name\":\"Long Night of Museums 2026 at the Sybir Memorial Museum\"}]},{\"@type\":\"WebSite\",\"@id\":\"https:\/\/sybir.bialystok.pl\/en\/#website\",\"url\":\"https:\/\/sybir.bialystok.pl\/en\/\",\"name\":\"Muzeum Pami\u0119ci Sybiru\",\"description\":\"Muzeum Pami\u0119ci Sybiru jest po\u015bwi\u0119cone ludziom, kt\u00f3rzy od ko\u0144ca XVI a\u017c do po\u0142owy XX wieku byli niewoleni i zsy\u0142ani w g\u0142\u0105b Rosji, a p\u00f3\u017aniej Zwi\u0105zku Sowieckiego, jak te\u017c tym, kt\u00f3rzy pod\u0105\u017cali tam dobrowolnie.\",\"potentialAction\":[{\"@type\":\"SearchAction\",\"target\":{\"@type\":\"EntryPoint\",\"urlTemplate\":\"https:\/\/sybir.bialystok.pl\/en\/?s={search_term_string}\"},\"query-input\":{\"@type\":\"PropertyValueSpecification\",\"valueRequired\":true,\"valueName\":\"search_term_string\"}}],\"inLanguage\":\"en-US\"},{\"@type\":\"Person\",\"@id\":\"https:\/\/sybir.bialystok.pl\/en\/#\/schema\/person\/85b0358246e62a03dc3e65a0b9853539\",\"name\":\"patrycja\",\"image\":{\"@type\":\"ImageObject\",\"inLanguage\":\"en-US\",\"@id\":\"https:\/\/sybir.bialystok.pl\/en\/#\/schema\/person\/image\/\",\"url\":\"https:\/\/secure.gravatar.com\/avatar\/2e5c2d7fba244e02fc170bb150ec29b373eb7eb084a0dce224e66fc8b85c667c?s=96&d=mm&r=g\",\"contentUrl\":\"https:\/\/secure.gravatar.com\/avatar\/2e5c2d7fba244e02fc170bb150ec29b373eb7eb084a0dce224e66fc8b85c667c?s=96&d=mm&r=g\",\"caption\":\"patrycja\"},\"sameAs\":[\"patrycja\"]}]}<\/script>\n<!-- \/ Yoast SEO plugin. -->","yoast_head_json":{"title":"Long Night of Museums 2026 at the Sybir Memorial Museum - Muzeum Pami\u0119ci Sybiru","robots":{"index":"index","follow":"follow","max-snippet":"max-snippet:-1","max-image-preview":"max-image-preview:large","max-video-preview":"max-video-preview:-1"},"canonical":"https:\/\/sybir.bialystok.pl\/en\/long-night-of-museums-2026-at-the-sybir-memorial-museum\/","og_locale":"en_US","og_type":"article","og_title":"Long Night of Museums 2026 at the Sybir Memorial Museum - Muzeum Pami\u0119ci Sybiru","og_description":"On May 16, we invite you to the Sybir Memorial Museum for the Long Night of Museums. That evening will feature the first-ever presentation of an extraordinary exhibit \u2013 poppies from Monte Cassino, newly added to the Museum\u2019s collection.","og_url":"https:\/\/sybir.bialystok.pl\/en\/long-night-of-museums-2026-at-the-sybir-memorial-museum\/","og_site_name":"Muzeum Pami\u0119ci Sybiru","article_published_time":"2026-04-27T13:12:46+00:00","article_modified_time":"2026-04-29T13:14:10+00:00","og_image":[{"width":2048,"height":1365,"url":"https:\/\/sybir.bialystok.pl\/wp-content\/uploads\/2026\/04\/Noc_Muzeow_2025_05_17_42.jpg","type":"image\/jpeg"}],"author":"patrycja","twitter_card":"summary_large_image","twitter_misc":{"Written by":"patrycja","Est. reading time":"1 minute"},"schema":{"@context":"https:\/\/schema.org","@graph":[{"@type":"WebPage","@id":"https:\/\/sybir.bialystok.pl\/en\/long-night-of-museums-2026-at-the-sybir-memorial-museum\/","url":"https:\/\/sybir.bialystok.pl\/en\/long-night-of-museums-2026-at-the-sybir-memorial-museum\/","name":"Long Night of Museums 2026 at the Sybir Memorial Museum - Muzeum Pami\u0119ci Sybiru","isPartOf":{"@id":"https:\/\/sybir.bialystok.pl\/en\/#website"},"primaryImageOfPage":{"@id":"https:\/\/sybir.bialystok.pl\/en\/long-night-of-museums-2026-at-the-sybir-memorial-museum\/#primaryimage"},"image":{"@id":"https:\/\/sybir.bialystok.pl\/en\/long-night-of-museums-2026-at-the-sybir-memorial-museum\/#primaryimage"},"thumbnailUrl":"https:\/\/sybir.bialystok.pl\/wp-content\/uploads\/2026\/04\/Noc_Muzeow_2025_05_17_42.jpg","datePublished":"2026-04-27T13:12:46+00:00","dateModified":"2026-04-29T13:14:10+00:00","author":{"@id":"https:\/\/sybir.bialystok.pl\/en\/#\/schema\/person\/85b0358246e62a03dc3e65a0b9853539"},"breadcrumb":{"@id":"https:\/\/sybir.bialystok.pl\/en\/long-night-of-museums-2026-at-the-sybir-memorial-museum\/#breadcrumb"},"inLanguage":"en-US","potentialAction":[{"@type":"ReadAction","target":["https:\/\/sybir.bialystok.pl\/en\/long-night-of-museums-2026-at-the-sybir-memorial-museum\/"]}]},{"@type":"ImageObject","inLanguage":"en-US","@id":"https:\/\/sybir.bialystok.pl\/en\/long-night-of-museums-2026-at-the-sybir-memorial-museum\/#primaryimage","url":"https:\/\/sybir.bialystok.pl\/wp-content\/uploads\/2026\/04\/Noc_Muzeow_2025_05_17_42.jpg","contentUrl":"https:\/\/sybir.bialystok.pl\/wp-content\/uploads\/2026\/04\/Noc_Muzeow_2025_05_17_42.jpg","width":2048,"height":1365},{"@type":"BreadcrumbList","@id":"https:\/\/sybir.bialystok.pl\/en\/long-night-of-museums-2026-at-the-sybir-memorial-museum\/#breadcrumb","itemListElement":[{"@type":"ListItem","position":1,"name":"Home page","item":"https:\/\/sybir.bialystok.pl\/en\/"},{"@type":"ListItem","position":2,"name":"Long Night of Museums 2026 at the Sybir Memorial Museum"}]},{"@type":"WebSite","@id":"https:\/\/sybir.bialystok.pl\/en\/#website","url":"https:\/\/sybir.bialystok.pl\/en\/","name":"Muzeum Pami\u0119ci Sybiru","description":"Muzeum Pami\u0119ci Sybiru jest po\u015bwi\u0119cone ludziom, kt\u00f3rzy od ko\u0144ca XVI a\u017c do po\u0142owy XX wieku byli niewoleni i zsy\u0142ani w g\u0142\u0105b Rosji, a p\u00f3\u017aniej Zwi\u0105zku Sowieckiego, jak te\u017c tym, kt\u00f3rzy pod\u0105\u017cali tam dobrowolnie.","potentialAction":[{"@type":"SearchAction","target":{"@type":"EntryPoint","urlTemplate":"https:\/\/sybir.bialystok.pl\/en\/?s={search_term_string}"},"query-input":{"@type":"PropertyValueSpecification","valueRequired":true,"valueName":"search_term_string"}}],"inLanguage":"en-US"},{"@type":"Person","@id":"https:\/\/sybir.bialystok.pl\/en\/#\/schema\/person\/85b0358246e62a03dc3e65a0b9853539","name":"patrycja","image":{"@type":"ImageObject","inLanguage":"en-US","@id":"https:\/\/sybir.bialystok.pl\/en\/#\/schema\/person\/image\/","url":"https:\/\/secure.gravatar.com\/avatar\/2e5c2d7fba244e02fc170bb150ec29b373eb7eb084a0dce224e66fc8b85c667c?s=96&d=mm&r=g","contentUrl":"https:\/\/secure.gravatar.com\/avatar\/2e5c2d7fba244e02fc170bb150ec29b373eb7eb084a0dce224e66fc8b85c667c?s=96&d=mm&r=g","caption":"patrycja"},"sameAs":["patrycja"]}]}},"_links":{"self":[{"href":"https:\/\/sybir.bialystok.pl\/en\/wp-json\/wp\/v2\/posts\/45515","targetHints":{"allow":["GET"]}}],"collection":[{"href":"https:\/\/sybir.bialystok.pl\/en\/wp-json\/wp\/v2\/posts"}],"about":[{"href":"https:\/\/sybir.bialystok.pl\/en\/wp-json\/wp\/v2\/types\/post"}],"author":[{"embeddable":true,"href":"https:\/\/sybir.bialystok.pl\/en\/wp-json\/wp\/v2\/users\/8"}],"replies":[{"embeddable":true,"href":"https:\/\/sybir.bialystok.pl\/en\/wp-json\/wp\/v2\/comments?post=45515"}],"version-history":[{"count":1,"href":"https:\/\/sybir.bialystok.pl\/en\/wp-json\/wp\/v2\/posts\/45515\/revisions"}],"predecessor-version":[{"id":45516,"href":"https:\/\/sybir.bialystok.pl\/en\/wp-json\/wp\/v2\/posts\/45515\/revisions\/45516"}],"wp:featuredmedia":[{"embeddable":true,"href":"https:\/\/sybir.bialystok.pl\/en\/wp-json\/wp\/v2\/media\/45427"}],"wp:attachment":[{"href":"https:\/\/sybir.bialystok.pl\/en\/wp-json\/wp\/v2\/media?parent=45515"}],"wp:term":[{"taxonomy":"category","embeddable":true,"href":"https:\/\/sybir.bialystok.pl\/en\/wp-json\/wp\/v2\/categories?post=45515"},{"taxonomy":"post_tag","embeddable":true,"href":"https:\/\/sybir.bialystok.pl\/en\/wp-json\/wp\/v2\/tags?post=45515"}],"curies":[{"name":"wp","href":"https:\/\/api.w.org\/{rel}","templated":true}]}}