{"id":45480,"date":"2026-04-24T15:06:02","date_gmt":"2026-04-24T13:06:02","guid":{"rendered":"https:\/\/sybir.bialystok.pl\/?p=45480"},"modified":"2026-04-28T15:10:08","modified_gmt":"2026-04-28T13:10:08","slug":"katarzyna-herman-reads-our-latest-audiobook","status":"publish","type":"post","link":"https:\/\/sybir.bialystok.pl\/en\/katarzyna-herman-reads-our-latest-audiobook\/","title":{"rendered":"Katarzyna Herman Reads Our Latest Audiobook"},"content":{"rendered":"\n<p>After weeks of preparation, we are excited to finally reveal this project, created in collaboration with Katarzyna Herman. As recording continues, we are now able to offer a behind-the-scenes glimpse into the process.<\/p>\n\n\n\n<p>This is the second audiobook featuring the memories of Sybiraks published by the Sybir Memorial Museum. Following the strong reception of the first title, narrated by Adam Woronowicz, many listeners were eager for a continuation. This time, the story is brought to life by Katarzyna Herman\u2014an actress born in Mr\u0105gowo and raised in Bia\u0142ystok, known for her sensitivity and distinctive voice, and returning to her roots for this project.<\/p>\n\n\n\n<figure class=\"wp-block-image size-large\"><a href=\"https:\/\/sybir.bialystok.pl\/wp-content\/uploads\/2026\/04\/JS2_4788-3.jpg\"><img loading=\"lazy\" decoding=\"async\" width=\"1024\" height=\"576\" src=\"https:\/\/sybir.bialystok.pl\/wp-content\/uploads\/2026\/04\/JS2_4788-3-1024x576.jpg\" alt=\"\" class=\"wp-image-45326\" srcset=\"https:\/\/sybir.bialystok.pl\/wp-content\/uploads\/2026\/04\/JS2_4788-3-1024x576.jpg 1024w, https:\/\/sybir.bialystok.pl\/wp-content\/uploads\/2026\/04\/JS2_4788-3-300x169.jpg 300w, https:\/\/sybir.bialystok.pl\/wp-content\/uploads\/2026\/04\/JS2_4788-3-768x432.jpg 768w, https:\/\/sybir.bialystok.pl\/wp-content\/uploads\/2026\/04\/JS2_4788-3-1536x864.jpg 1536w, https:\/\/sybir.bialystok.pl\/wp-content\/uploads\/2026\/04\/JS2_4788-3.jpg 1920w\" sizes=\"auto, (max-width: 1024px) 100vw, 1024px\" \/><\/a><\/figure>\n\n\n\n<figure class=\"wp-block-gallery has-nested-images columns-default is-cropped wp-block-gallery-1 is-layout-flex wp-block-gallery-is-layout-flex\">\n<figure class=\"wp-block-image size-large\"><a href=\"https:\/\/sybir.bialystok.pl\/wp-content\/uploads\/2026\/04\/2026.04.21-Katarzyna-Herman-audiobook-6.jpg\"><img loading=\"lazy\" decoding=\"async\" width=\"1024\" height=\"683\" data-id=\"45227\" src=\"https:\/\/sybir.bialystok.pl\/wp-content\/uploads\/2026\/04\/2026.04.21-Katarzyna-Herman-audiobook-6-1024x683.jpg\" alt=\"\" class=\"wp-image-45227\" srcset=\"https:\/\/sybir.bialystok.pl\/wp-content\/uploads\/2026\/04\/2026.04.21-Katarzyna-Herman-audiobook-6-1024x683.jpg 1024w, https:\/\/sybir.bialystok.pl\/wp-content\/uploads\/2026\/04\/2026.04.21-Katarzyna-Herman-audiobook-6-300x200.jpg 300w, https:\/\/sybir.bialystok.pl\/wp-content\/uploads\/2026\/04\/2026.04.21-Katarzyna-Herman-audiobook-6-768x512.jpg 768w, https:\/\/sybir.bialystok.pl\/wp-content\/uploads\/2026\/04\/2026.04.21-Katarzyna-Herman-audiobook-6-1536x1024.jpg 1536w, https:\/\/sybir.bialystok.pl\/wp-content\/uploads\/2026\/04\/2026.04.21-Katarzyna-Herman-audiobook-6.jpg 1920w\" sizes=\"auto, (max-width: 1024px) 100vw, 1024px\" \/><\/a><\/figure>\n\n\n\n<figure class=\"wp-block-image size-large\"><a href=\"https:\/\/sybir.bialystok.pl\/wp-content\/uploads\/2026\/04\/2026.04.21-Katarzyna-Herman-audiobook-3-2.jpg\"><img loading=\"lazy\" decoding=\"async\" width=\"1024\" height=\"576\" data-id=\"45302\" src=\"https:\/\/sybir.bialystok.pl\/wp-content\/uploads\/2026\/04\/2026.04.21-Katarzyna-Herman-audiobook-3-2-1024x576.jpg\" alt=\"\" class=\"wp-image-45302\" srcset=\"https:\/\/sybir.bialystok.pl\/wp-content\/uploads\/2026\/04\/2026.04.21-Katarzyna-Herman-audiobook-3-2-1024x576.jpg 1024w, https:\/\/sybir.bialystok.pl\/wp-content\/uploads\/2026\/04\/2026.04.21-Katarzyna-Herman-audiobook-3-2-300x169.jpg 300w, https:\/\/sybir.bialystok.pl\/wp-content\/uploads\/2026\/04\/2026.04.21-Katarzyna-Herman-audiobook-3-2-768x432.jpg 768w, https:\/\/sybir.bialystok.pl\/wp-content\/uploads\/2026\/04\/2026.04.21-Katarzyna-Herman-audiobook-3-2-1536x864.jpg 1536w, https:\/\/sybir.bialystok.pl\/wp-content\/uploads\/2026\/04\/2026.04.21-Katarzyna-Herman-audiobook-3-2.jpg 1920w\" sizes=\"auto, (max-width: 1024px) 100vw, 1024px\" \/><\/a><\/figure>\n<\/figure>\n\n\n\n<figure class=\"wp-block-gallery has-nested-images columns-default is-cropped wp-block-gallery-2 is-layout-flex wp-block-gallery-is-layout-flex\"><\/figure>\n\n\n\n<p>On April 22, the project was officially presented at a press conference attended by Katarzyna Herman; Professor Wojciech \u015aleszy\u0144ski, Director of the Museum; Marcin Zwolski, PhD, Head of the Research Department and editor of the memoirs; Marcin Tomkiel, Editor-in-Chief of Polish Radio Bia\u0142ystok; and Agnieszka Czarkowska, Head of the Reportage and Documentary Studio.<\/p>\n\n\n\n<p>The Museum\u2019s Director spoke about the challenge of selecting stories from hundreds of Sybirak testimonies: \u201cEvery year we face the same dilemma: which stories to tell so they remain both meaningful and deeply moving. This time, we chose a story seen through the eyes of a child.\u201d Katarzyna Herman added: \u201cFor me, this is a kind of mission. I rarely record audiobooks, but I felt this was an opportunity to return to my hometown and contribute something meaningful.\u201d<\/p>\n\n\n\n<figure class=\"wp-block-gallery has-nested-images columns-default is-cropped wp-block-gallery-3 is-layout-flex wp-block-gallery-is-layout-flex\">\n<figure class=\"wp-block-image size-large\"><a href=\"https:\/\/sybir.bialystok.pl\/wp-content\/uploads\/2026\/04\/JS1_3572-3.jpg\"><img loading=\"lazy\" decoding=\"async\" width=\"1024\" height=\"576\" data-id=\"45305\" src=\"https:\/\/sybir.bialystok.pl\/wp-content\/uploads\/2026\/04\/JS1_3572-3-1024x576.jpg\" alt=\"\" class=\"wp-image-45305\" srcset=\"https:\/\/sybir.bialystok.pl\/wp-content\/uploads\/2026\/04\/JS1_3572-3-1024x576.jpg 1024w, https:\/\/sybir.bialystok.pl\/wp-content\/uploads\/2026\/04\/JS1_3572-3-300x169.jpg 300w, https:\/\/sybir.bialystok.pl\/wp-content\/uploads\/2026\/04\/JS1_3572-3-768x432.jpg 768w, https:\/\/sybir.bialystok.pl\/wp-content\/uploads\/2026\/04\/JS1_3572-3-1536x864.jpg 1536w, https:\/\/sybir.bialystok.pl\/wp-content\/uploads\/2026\/04\/JS1_3572-3.jpg 1920w\" sizes=\"auto, (max-width: 1024px) 100vw, 1024px\" \/><\/a><\/figure>\n\n\n\n<figure class=\"wp-block-image size-large\"><a href=\"https:\/\/sybir.bialystok.pl\/wp-content\/uploads\/2026\/04\/JS2_4714-2.jpg\"><img loading=\"lazy\" decoding=\"async\" width=\"1024\" height=\"576\" data-id=\"45314\" src=\"https:\/\/sybir.bialystok.pl\/wp-content\/uploads\/2026\/04\/JS2_4714-2-1024x576.jpg\" alt=\"\" class=\"wp-image-45314\" srcset=\"https:\/\/sybir.bialystok.pl\/wp-content\/uploads\/2026\/04\/JS2_4714-2-1024x576.jpg 1024w, https:\/\/sybir.bialystok.pl\/wp-content\/uploads\/2026\/04\/JS2_4714-2-300x169.jpg 300w, https:\/\/sybir.bialystok.pl\/wp-content\/uploads\/2026\/04\/JS2_4714-2-768x432.jpg 768w, https:\/\/sybir.bialystok.pl\/wp-content\/uploads\/2026\/04\/JS2_4714-2-1536x864.jpg 1536w, https:\/\/sybir.bialystok.pl\/wp-content\/uploads\/2026\/04\/JS2_4714-2.jpg 1920w\" sizes=\"auto, (max-width: 1024px) 100vw, 1024px\" \/><\/a><\/figure>\n\n\n\n<figure class=\"wp-block-image size-large\"><a href=\"https:\/\/sybir.bialystok.pl\/wp-content\/uploads\/2026\/04\/JS2_4718-2.jpg\"><img loading=\"lazy\" decoding=\"async\" width=\"1024\" height=\"576\" data-id=\"45320\" src=\"https:\/\/sybir.bialystok.pl\/wp-content\/uploads\/2026\/04\/JS2_4718-2-1024x576.jpg\" alt=\"\" class=\"wp-image-45320\" srcset=\"https:\/\/sybir.bialystok.pl\/wp-content\/uploads\/2026\/04\/JS2_4718-2-1024x576.jpg 1024w, https:\/\/sybir.bialystok.pl\/wp-content\/uploads\/2026\/04\/JS2_4718-2-300x169.jpg 300w, https:\/\/sybir.bialystok.pl\/wp-content\/uploads\/2026\/04\/JS2_4718-2-768x432.jpg 768w, https:\/\/sybir.bialystok.pl\/wp-content\/uploads\/2026\/04\/JS2_4718-2-1536x864.jpg 1536w, https:\/\/sybir.bialystok.pl\/wp-content\/uploads\/2026\/04\/JS2_4718-2.jpg 1920w\" sizes=\"auto, (max-width: 1024px) 100vw, 1024px\" \/><\/a><\/figure>\n\n\n\n<figure class=\"wp-block-image size-large\"><a href=\"https:\/\/sybir.bialystok.pl\/wp-content\/uploads\/2026\/04\/JS2_4741.jpg\"><img loading=\"lazy\" decoding=\"async\" width=\"683\" height=\"1024\" data-id=\"45323\" src=\"https:\/\/sybir.bialystok.pl\/wp-content\/uploads\/2026\/04\/JS2_4741-683x1024.jpg\" alt=\"\" class=\"wp-image-45323\" srcset=\"https:\/\/sybir.bialystok.pl\/wp-content\/uploads\/2026\/04\/JS2_4741-683x1024.jpg 683w, https:\/\/sybir.bialystok.pl\/wp-content\/uploads\/2026\/04\/JS2_4741-200x300.jpg 200w, https:\/\/sybir.bialystok.pl\/wp-content\/uploads\/2026\/04\/JS2_4741-768x1152.jpg 768w, https:\/\/sybir.bialystok.pl\/wp-content\/uploads\/2026\/04\/JS2_4741-1024x1536.jpg 1024w, https:\/\/sybir.bialystok.pl\/wp-content\/uploads\/2026\/04\/JS2_4741.jpg 1280w\" sizes=\"auto, (max-width: 683px) 100vw, 683px\" \/><\/a><\/figure>\n\n\n\n<figure class=\"wp-block-image size-large\"><a href=\"https:\/\/sybir.bialystok.pl\/wp-content\/uploads\/2026\/04\/JS2_4771.jpg\"><img loading=\"lazy\" decoding=\"async\" width=\"1024\" height=\"683\" data-id=\"45329\" src=\"https:\/\/sybir.bialystok.pl\/wp-content\/uploads\/2026\/04\/JS2_4771-1024x683.jpg\" alt=\"\" class=\"wp-image-45329\" srcset=\"https:\/\/sybir.bialystok.pl\/wp-content\/uploads\/2026\/04\/JS2_4771-1024x683.jpg 1024w, https:\/\/sybir.bialystok.pl\/wp-content\/uploads\/2026\/04\/JS2_4771-300x200.jpg 300w, https:\/\/sybir.bialystok.pl\/wp-content\/uploads\/2026\/04\/JS2_4771-768x512.jpg 768w, https:\/\/sybir.bialystok.pl\/wp-content\/uploads\/2026\/04\/JS2_4771-1536x1024.jpg 1536w, https:\/\/sybir.bialystok.pl\/wp-content\/uploads\/2026\/04\/JS2_4771.jpg 1920w\" sizes=\"auto, (max-width: 1024px) 100vw, 1024px\" \/><\/a><\/figure>\n<\/figure>\n\n\n\n<p><em>There Was Such a Family<\/em> is a story full of emotion, energy, and remarkable resilience\u2014despite the dramatic experiences it portrays. One of the Museum\u2019s earliest publications now returns in a modern, narrative format that allows listeners to engage with the story on a deeper level.<\/p>\n\n\n\n<p>The Sybir Memorial Museum continues to develop modern approaches to telling history, with a strong focus on narrative and emotion. Marcin Zwolski, PhD, emphasized that such approaches resonate especially with younger audiences: \u201cWhen they hear the authentic voice of someone who lived through these events, they experience the story in a completely different way than through dry historical facts.\u201d<\/p>\n\n\n\n<p>Work on the audiobook is ongoing, and the release date will be announced soon. In the meantime, we encourage you to revisit our first audiobook, narrated by Adam Woronowicz.<\/p>\n\n\n\n<p>Photos: <a href=\"https:\/\/www.facebook.com\/radiobialystok\">Polish Radio Bia\u0142ystok<\/a><\/p>\n\n\n\n<!--more-->\n\n\n\n<p><\/p>\n","protected":false},"excerpt":{"rendered":"<p>Our new audiobook, &#8220;There Was Such a Family&#8221; (&#8220;By\u0142a taka rodzina&#8221;), based on the moving memoirs of Henryka Bogus\u0142awska, is currently in production. Recording sessions are underway at the studio of Polish Radio Bia\u0142ystok.<\/p>\n","protected":false},"author":8,"featured_media":45225,"comment_status":"closed","ping_status":"closed","sticky":false,"template":"","format":"standard","meta":{"_acf_changed":false,"_editorskit_title_hidden":false,"_editorskit_reading_time":0,"_editorskit_is_block_options_detached":false,"_editorskit_block_options_position":"{}","footnotes":""},"categories":[4],"tags":[],"class_list":["post-45480","post","type-post","status-publish","format-standard","has-post-thumbnail","hentry","category-uncategorized"],"acf":[],"yoast_head":"<!-- This site is optimized with the Yoast SEO plugin v24.6 - https:\/\/yoast.com\/wordpress\/plugins\/seo\/ -->\n<title>Katarzyna Herman Reads Our Latest Audiobook - Muzeum Pami\u0119ci Sybiru<\/title>\n<meta name=\"robots\" content=\"index, follow, max-snippet:-1, max-image-preview:large, max-video-preview:-1\" \/>\n<link rel=\"canonical\" href=\"https:\/\/sybir.bialystok.pl\/en\/katarzyna-herman-reads-our-latest-audiobook\/\" \/>\n<meta property=\"og:locale\" content=\"en_US\" \/>\n<meta property=\"og:type\" content=\"article\" \/>\n<meta property=\"og:title\" content=\"Katarzyna Herman Reads Our Latest Audiobook - Muzeum Pami\u0119ci Sybiru\" \/>\n<meta property=\"og:description\" content=\"Our new audiobook, &quot;There Was Such a Family&quot; (&quot;By\u0142a taka rodzina&quot;), based on the moving memoirs of Henryka Bogus\u0142awska, is currently in production. Recording sessions are underway at the studio of Polish Radio Bia\u0142ystok.\" \/>\n<meta property=\"og:url\" content=\"https:\/\/sybir.bialystok.pl\/en\/katarzyna-herman-reads-our-latest-audiobook\/\" \/>\n<meta property=\"og:site_name\" content=\"Muzeum Pami\u0119ci Sybiru\" \/>\n<meta property=\"article:published_time\" content=\"2026-04-24T13:06:02+00:00\" \/>\n<meta property=\"article:modified_time\" content=\"2026-04-28T13:10:08+00:00\" \/>\n<meta property=\"og:image\" content=\"https:\/\/sybir.bialystok.pl\/wp-content\/uploads\/2026\/04\/2026.04.21-Katarzyna-Herman-audiobook-12.jpg\" \/>\n\t<meta property=\"og:image:width\" content=\"1920\" \/>\n\t<meta property=\"og:image:height\" content=\"1080\" \/>\n\t<meta property=\"og:image:type\" content=\"image\/jpeg\" \/>\n<meta name=\"author\" content=\"patrycja\" \/>\n<meta name=\"twitter:card\" content=\"summary_large_image\" \/>\n<meta name=\"twitter:label1\" content=\"Written by\" \/>\n\t<meta name=\"twitter:data1\" content=\"patrycja\" \/>\n\t<meta name=\"twitter:label2\" content=\"Est. reading time\" \/>\n\t<meta name=\"twitter:data2\" content=\"2 minutes\" \/>\n<script type=\"application\/ld+json\" class=\"yoast-schema-graph\">{\"@context\":\"https:\/\/schema.org\",\"@graph\":[{\"@type\":\"WebPage\",\"@id\":\"https:\/\/sybir.bialystok.pl\/en\/katarzyna-herman-reads-our-latest-audiobook\/\",\"url\":\"https:\/\/sybir.bialystok.pl\/en\/katarzyna-herman-reads-our-latest-audiobook\/\",\"name\":\"Katarzyna Herman Reads Our Latest Audiobook - Muzeum Pami\u0119ci Sybiru\",\"isPartOf\":{\"@id\":\"https:\/\/sybir.bialystok.pl\/en\/#website\"},\"primaryImageOfPage\":{\"@id\":\"https:\/\/sybir.bialystok.pl\/en\/katarzyna-herman-reads-our-latest-audiobook\/#primaryimage\"},\"image\":{\"@id\":\"https:\/\/sybir.bialystok.pl\/en\/katarzyna-herman-reads-our-latest-audiobook\/#primaryimage\"},\"thumbnailUrl\":\"https:\/\/sybir.bialystok.pl\/wp-content\/uploads\/2026\/04\/2026.04.21-Katarzyna-Herman-audiobook-12.jpg\",\"datePublished\":\"2026-04-24T13:06:02+00:00\",\"dateModified\":\"2026-04-28T13:10:08+00:00\",\"author\":{\"@id\":\"https:\/\/sybir.bialystok.pl\/en\/#\/schema\/person\/85b0358246e62a03dc3e65a0b9853539\"},\"breadcrumb\":{\"@id\":\"https:\/\/sybir.bialystok.pl\/en\/katarzyna-herman-reads-our-latest-audiobook\/#breadcrumb\"},\"inLanguage\":\"en-US\",\"potentialAction\":[{\"@type\":\"ReadAction\",\"target\":[\"https:\/\/sybir.bialystok.pl\/en\/katarzyna-herman-reads-our-latest-audiobook\/\"]}]},{\"@type\":\"ImageObject\",\"inLanguage\":\"en-US\",\"@id\":\"https:\/\/sybir.bialystok.pl\/en\/katarzyna-herman-reads-our-latest-audiobook\/#primaryimage\",\"url\":\"https:\/\/sybir.bialystok.pl\/wp-content\/uploads\/2026\/04\/2026.04.21-Katarzyna-Herman-audiobook-12.jpg\",\"contentUrl\":\"https:\/\/sybir.bialystok.pl\/wp-content\/uploads\/2026\/04\/2026.04.21-Katarzyna-Herman-audiobook-12.jpg\",\"width\":1920,\"height\":1080},{\"@type\":\"BreadcrumbList\",\"@id\":\"https:\/\/sybir.bialystok.pl\/en\/katarzyna-herman-reads-our-latest-audiobook\/#breadcrumb\",\"itemListElement\":[{\"@type\":\"ListItem\",\"position\":1,\"name\":\"Home page\",\"item\":\"https:\/\/sybir.bialystok.pl\/en\/\"},{\"@type\":\"ListItem\",\"position\":2,\"name\":\"Katarzyna Herman Reads Our Latest Audiobook\"}]},{\"@type\":\"WebSite\",\"@id\":\"https:\/\/sybir.bialystok.pl\/en\/#website\",\"url\":\"https:\/\/sybir.bialystok.pl\/en\/\",\"name\":\"Muzeum Pami\u0119ci Sybiru\",\"description\":\"Muzeum Pami\u0119ci Sybiru jest po\u015bwi\u0119cone ludziom, kt\u00f3rzy od ko\u0144ca XVI a\u017c do po\u0142owy XX wieku byli niewoleni i zsy\u0142ani w g\u0142\u0105b Rosji, a p\u00f3\u017aniej Zwi\u0105zku Sowieckiego, jak te\u017c tym, kt\u00f3rzy pod\u0105\u017cali tam dobrowolnie.\",\"potentialAction\":[{\"@type\":\"SearchAction\",\"target\":{\"@type\":\"EntryPoint\",\"urlTemplate\":\"https:\/\/sybir.bialystok.pl\/en\/?s={search_term_string}\"},\"query-input\":{\"@type\":\"PropertyValueSpecification\",\"valueRequired\":true,\"valueName\":\"search_term_string\"}}],\"inLanguage\":\"en-US\"},{\"@type\":\"Person\",\"@id\":\"https:\/\/sybir.bialystok.pl\/en\/#\/schema\/person\/85b0358246e62a03dc3e65a0b9853539\",\"name\":\"patrycja\",\"image\":{\"@type\":\"ImageObject\",\"inLanguage\":\"en-US\",\"@id\":\"https:\/\/sybir.bialystok.pl\/en\/#\/schema\/person\/image\/\",\"url\":\"https:\/\/secure.gravatar.com\/avatar\/2e5c2d7fba244e02fc170bb150ec29b373eb7eb084a0dce224e66fc8b85c667c?s=96&d=mm&r=g\",\"contentUrl\":\"https:\/\/secure.gravatar.com\/avatar\/2e5c2d7fba244e02fc170bb150ec29b373eb7eb084a0dce224e66fc8b85c667c?s=96&d=mm&r=g\",\"caption\":\"patrycja\"},\"sameAs\":[\"patrycja\"]}]}<\/script>\n<!-- \/ Yoast SEO plugin. -->","yoast_head_json":{"title":"Katarzyna Herman Reads Our Latest Audiobook - Muzeum Pami\u0119ci Sybiru","robots":{"index":"index","follow":"follow","max-snippet":"max-snippet:-1","max-image-preview":"max-image-preview:large","max-video-preview":"max-video-preview:-1"},"canonical":"https:\/\/sybir.bialystok.pl\/en\/katarzyna-herman-reads-our-latest-audiobook\/","og_locale":"en_US","og_type":"article","og_title":"Katarzyna Herman Reads Our Latest Audiobook - Muzeum Pami\u0119ci Sybiru","og_description":"Our new audiobook, \"There Was Such a Family\" (\"By\u0142a taka rodzina\"), based on the moving memoirs of Henryka Bogus\u0142awska, is currently in production. Recording sessions are underway at the studio of Polish Radio Bia\u0142ystok.","og_url":"https:\/\/sybir.bialystok.pl\/en\/katarzyna-herman-reads-our-latest-audiobook\/","og_site_name":"Muzeum Pami\u0119ci Sybiru","article_published_time":"2026-04-24T13:06:02+00:00","article_modified_time":"2026-04-28T13:10:08+00:00","og_image":[{"width":1920,"height":1080,"url":"https:\/\/sybir.bialystok.pl\/wp-content\/uploads\/2026\/04\/2026.04.21-Katarzyna-Herman-audiobook-12.jpg","type":"image\/jpeg"}],"author":"patrycja","twitter_card":"summary_large_image","twitter_misc":{"Written by":"patrycja","Est. reading time":"2 minutes"},"schema":{"@context":"https:\/\/schema.org","@graph":[{"@type":"WebPage","@id":"https:\/\/sybir.bialystok.pl\/en\/katarzyna-herman-reads-our-latest-audiobook\/","url":"https:\/\/sybir.bialystok.pl\/en\/katarzyna-herman-reads-our-latest-audiobook\/","name":"Katarzyna Herman Reads Our Latest Audiobook - Muzeum Pami\u0119ci Sybiru","isPartOf":{"@id":"https:\/\/sybir.bialystok.pl\/en\/#website"},"primaryImageOfPage":{"@id":"https:\/\/sybir.bialystok.pl\/en\/katarzyna-herman-reads-our-latest-audiobook\/#primaryimage"},"image":{"@id":"https:\/\/sybir.bialystok.pl\/en\/katarzyna-herman-reads-our-latest-audiobook\/#primaryimage"},"thumbnailUrl":"https:\/\/sybir.bialystok.pl\/wp-content\/uploads\/2026\/04\/2026.04.21-Katarzyna-Herman-audiobook-12.jpg","datePublished":"2026-04-24T13:06:02+00:00","dateModified":"2026-04-28T13:10:08+00:00","author":{"@id":"https:\/\/sybir.bialystok.pl\/en\/#\/schema\/person\/85b0358246e62a03dc3e65a0b9853539"},"breadcrumb":{"@id":"https:\/\/sybir.bialystok.pl\/en\/katarzyna-herman-reads-our-latest-audiobook\/#breadcrumb"},"inLanguage":"en-US","potentialAction":[{"@type":"ReadAction","target":["https:\/\/sybir.bialystok.pl\/en\/katarzyna-herman-reads-our-latest-audiobook\/"]}]},{"@type":"ImageObject","inLanguage":"en-US","@id":"https:\/\/sybir.bialystok.pl\/en\/katarzyna-herman-reads-our-latest-audiobook\/#primaryimage","url":"https:\/\/sybir.bialystok.pl\/wp-content\/uploads\/2026\/04\/2026.04.21-Katarzyna-Herman-audiobook-12.jpg","contentUrl":"https:\/\/sybir.bialystok.pl\/wp-content\/uploads\/2026\/04\/2026.04.21-Katarzyna-Herman-audiobook-12.jpg","width":1920,"height":1080},{"@type":"BreadcrumbList","@id":"https:\/\/sybir.bialystok.pl\/en\/katarzyna-herman-reads-our-latest-audiobook\/#breadcrumb","itemListElement":[{"@type":"ListItem","position":1,"name":"Home page","item":"https:\/\/sybir.bialystok.pl\/en\/"},{"@type":"ListItem","position":2,"name":"Katarzyna Herman Reads Our Latest Audiobook"}]},{"@type":"WebSite","@id":"https:\/\/sybir.bialystok.pl\/en\/#website","url":"https:\/\/sybir.bialystok.pl\/en\/","name":"Muzeum Pami\u0119ci Sybiru","description":"Muzeum Pami\u0119ci Sybiru jest po\u015bwi\u0119cone ludziom, kt\u00f3rzy od ko\u0144ca XVI a\u017c do po\u0142owy XX wieku byli niewoleni i zsy\u0142ani w g\u0142\u0105b Rosji, a p\u00f3\u017aniej Zwi\u0105zku Sowieckiego, jak te\u017c tym, kt\u00f3rzy pod\u0105\u017cali tam dobrowolnie.","potentialAction":[{"@type":"SearchAction","target":{"@type":"EntryPoint","urlTemplate":"https:\/\/sybir.bialystok.pl\/en\/?s={search_term_string}"},"query-input":{"@type":"PropertyValueSpecification","valueRequired":true,"valueName":"search_term_string"}}],"inLanguage":"en-US"},{"@type":"Person","@id":"https:\/\/sybir.bialystok.pl\/en\/#\/schema\/person\/85b0358246e62a03dc3e65a0b9853539","name":"patrycja","image":{"@type":"ImageObject","inLanguage":"en-US","@id":"https:\/\/sybir.bialystok.pl\/en\/#\/schema\/person\/image\/","url":"https:\/\/secure.gravatar.com\/avatar\/2e5c2d7fba244e02fc170bb150ec29b373eb7eb084a0dce224e66fc8b85c667c?s=96&d=mm&r=g","contentUrl":"https:\/\/secure.gravatar.com\/avatar\/2e5c2d7fba244e02fc170bb150ec29b373eb7eb084a0dce224e66fc8b85c667c?s=96&d=mm&r=g","caption":"patrycja"},"sameAs":["patrycja"]}]}},"_links":{"self":[{"href":"https:\/\/sybir.bialystok.pl\/en\/wp-json\/wp\/v2\/posts\/45480","targetHints":{"allow":["GET"]}}],"collection":[{"href":"https:\/\/sybir.bialystok.pl\/en\/wp-json\/wp\/v2\/posts"}],"about":[{"href":"https:\/\/sybir.bialystok.pl\/en\/wp-json\/wp\/v2\/types\/post"}],"author":[{"embeddable":true,"href":"https:\/\/sybir.bialystok.pl\/en\/wp-json\/wp\/v2\/users\/8"}],"replies":[{"embeddable":true,"href":"https:\/\/sybir.bialystok.pl\/en\/wp-json\/wp\/v2\/comments?post=45480"}],"version-history":[{"count":3,"href":"https:\/\/sybir.bialystok.pl\/en\/wp-json\/wp\/v2\/posts\/45480\/revisions"}],"predecessor-version":[{"id":45498,"href":"https:\/\/sybir.bialystok.pl\/en\/wp-json\/wp\/v2\/posts\/45480\/revisions\/45498"}],"wp:featuredmedia":[{"embeddable":true,"href":"https:\/\/sybir.bialystok.pl\/en\/wp-json\/wp\/v2\/media\/45225"}],"wp:attachment":[{"href":"https:\/\/sybir.bialystok.pl\/en\/wp-json\/wp\/v2\/media?parent=45480"}],"wp:term":[{"taxonomy":"category","embeddable":true,"href":"https:\/\/sybir.bialystok.pl\/en\/wp-json\/wp\/v2\/categories?post=45480"},{"taxonomy":"post_tag","embeddable":true,"href":"https:\/\/sybir.bialystok.pl\/en\/wp-json\/wp\/v2\/tags?post=45480"}],"curies":[{"name":"wp","href":"https:\/\/api.w.org\/{rel}","templated":true}]}}