{"id":45445,"date":"2026-04-20T10:22:43","date_gmt":"2026-04-20T08:22:43","guid":{"rendered":"https:\/\/sybir.bialystok.pl\/?p=45445"},"modified":"2026-04-28T10:28:46","modified_gmt":"2026-04-28T08:28:46","slug":"our-collection-featured-at-the-national-museum-in-warsaw","status":"publish","type":"post","link":"https:\/\/sybir.bialystok.pl\/en\/our-collection-featured-at-the-national-museum-in-warsaw\/","title":{"rendered":"Our Collection Featured at the National Museum in Warsaw"},"content":{"rendered":"\n<p>Ignacy Korwin-Milewski assembled one of the most remarkable private collections of 19th-century Polish painting, featuring works by artists such as Matejko, Che\u0142mo\u0144ski, Gierymski, and Malczewski. These masterpieces, together with our album, form the core of the exhibition at the National Museum in Warsaw.<\/p>\n\n\n\n<figure class=\"wp-block-gallery has-nested-images columns-default is-cropped wp-block-gallery-1 is-layout-flex wp-block-gallery-is-layout-flex\">\n<figure class=\"wp-block-image size-large\"><a href=\"https:\/\/sybir.bialystok.pl\/wp-content\/uploads\/2026\/04\/wernisaz6dobre.jpg\"><img loading=\"lazy\" decoding=\"async\" width=\"1024\" height=\"683\" data-id=\"45367\" src=\"https:\/\/sybir.bialystok.pl\/wp-content\/uploads\/2026\/04\/wernisaz6dobre-1024x683.jpg\" alt=\"\" class=\"wp-image-45367\" srcset=\"https:\/\/sybir.bialystok.pl\/wp-content\/uploads\/2026\/04\/wernisaz6dobre-1024x683.jpg 1024w, https:\/\/sybir.bialystok.pl\/wp-content\/uploads\/2026\/04\/wernisaz6dobre-300x200.jpg 300w, https:\/\/sybir.bialystok.pl\/wp-content\/uploads\/2026\/04\/wernisaz6dobre-768x512.jpg 768w, https:\/\/sybir.bialystok.pl\/wp-content\/uploads\/2026\/04\/wernisaz6dobre-1536x1025.jpg 1536w, https:\/\/sybir.bialystok.pl\/wp-content\/uploads\/2026\/04\/wernisaz6dobre.jpg 2048w\" sizes=\"auto, (max-width: 1024px) 100vw, 1024px\" \/><\/a><\/figure>\n\n\n\n<figure class=\"wp-block-image size-large\"><a href=\"https:\/\/sybir.bialystok.pl\/wp-content\/uploads\/2026\/04\/wernisaz3dobre-1.jpg\"><img loading=\"lazy\" decoding=\"async\" width=\"1024\" height=\"683\" data-id=\"45352\" src=\"https:\/\/sybir.bialystok.pl\/wp-content\/uploads\/2026\/04\/wernisaz3dobre-1-1024x683.jpg\" alt=\"\" class=\"wp-image-45352\" srcset=\"https:\/\/sybir.bialystok.pl\/wp-content\/uploads\/2026\/04\/wernisaz3dobre-1-1024x683.jpg 1024w, https:\/\/sybir.bialystok.pl\/wp-content\/uploads\/2026\/04\/wernisaz3dobre-1-300x200.jpg 300w, https:\/\/sybir.bialystok.pl\/wp-content\/uploads\/2026\/04\/wernisaz3dobre-1-768x512.jpg 768w, https:\/\/sybir.bialystok.pl\/wp-content\/uploads\/2026\/04\/wernisaz3dobre-1-1536x1025.jpg 1536w, https:\/\/sybir.bialystok.pl\/wp-content\/uploads\/2026\/04\/wernisaz3dobre-1.jpg 2048w\" sizes=\"auto, (max-width: 1024px) 100vw, 1024px\" \/><\/a><\/figure>\n\n\n\n<figure class=\"wp-block-image size-large\"><a href=\"https:\/\/sybir.bialystok.pl\/wp-content\/uploads\/2026\/04\/wernisaz5dobre.jpg\"><img loading=\"lazy\" decoding=\"async\" width=\"1024\" height=\"683\" data-id=\"45364\" src=\"https:\/\/sybir.bialystok.pl\/wp-content\/uploads\/2026\/04\/wernisaz5dobre-1024x683.jpg\" alt=\"\" class=\"wp-image-45364\" srcset=\"https:\/\/sybir.bialystok.pl\/wp-content\/uploads\/2026\/04\/wernisaz5dobre-1024x683.jpg 1024w, https:\/\/sybir.bialystok.pl\/wp-content\/uploads\/2026\/04\/wernisaz5dobre-300x200.jpg 300w, https:\/\/sybir.bialystok.pl\/wp-content\/uploads\/2026\/04\/wernisaz5dobre-768x512.jpg 768w, https:\/\/sybir.bialystok.pl\/wp-content\/uploads\/2026\/04\/wernisaz5dobre-1536x1025.jpg 1536w, https:\/\/sybir.bialystok.pl\/wp-content\/uploads\/2026\/04\/wernisaz5dobre.jpg 2048w\" sizes=\"auto, (max-width: 1024px) 100vw, 1024px\" \/><\/a><\/figure>\n\n\n\n<figure class=\"wp-block-image size-large\"><a href=\"https:\/\/sybir.bialystok.pl\/wp-content\/uploads\/2026\/04\/Kolekcjoner_IKM_ekspozycja_MNW_4_fot_Bartosz_Bajerski_MNW_AAS-scaled.jpg\"><img loading=\"lazy\" decoding=\"async\" width=\"1024\" height=\"683\" data-id=\"45355\" src=\"https:\/\/sybir.bialystok.pl\/wp-content\/uploads\/2026\/04\/Kolekcjoner_IKM_ekspozycja_MNW_4_fot_Bartosz_Bajerski_MNW_AAS-1024x683.jpg\" alt=\"\" class=\"wp-image-45355\" srcset=\"https:\/\/sybir.bialystok.pl\/wp-content\/uploads\/2026\/04\/Kolekcjoner_IKM_ekspozycja_MNW_4_fot_Bartosz_Bajerski_MNW_AAS-1024x683.jpg 1024w, https:\/\/sybir.bialystok.pl\/wp-content\/uploads\/2026\/04\/Kolekcjoner_IKM_ekspozycja_MNW_4_fot_Bartosz_Bajerski_MNW_AAS-300x200.jpg 300w, https:\/\/sybir.bialystok.pl\/wp-content\/uploads\/2026\/04\/Kolekcjoner_IKM_ekspozycja_MNW_4_fot_Bartosz_Bajerski_MNW_AAS-768x512.jpg 768w, https:\/\/sybir.bialystok.pl\/wp-content\/uploads\/2026\/04\/Kolekcjoner_IKM_ekspozycja_MNW_4_fot_Bartosz_Bajerski_MNW_AAS-1536x1024.jpg 1536w, https:\/\/sybir.bialystok.pl\/wp-content\/uploads\/2026\/04\/Kolekcjoner_IKM_ekspozycja_MNW_4_fot_Bartosz_Bajerski_MNW_AAS-2048x1365.jpg 2048w\" sizes=\"auto, (max-width: 1024px) 100vw, 1024px\" \/><\/a><\/figure>\n\n\n\n<figure class=\"wp-block-image size-large\"><a href=\"https:\/\/sybir.bialystok.pl\/wp-content\/uploads\/2026\/04\/wernisaz2.jpg\"><img loading=\"lazy\" decoding=\"async\" width=\"1024\" height=\"683\" data-id=\"45361\" src=\"https:\/\/sybir.bialystok.pl\/wp-content\/uploads\/2026\/04\/wernisaz2-1024x683.jpg\" alt=\"\" class=\"wp-image-45361\" srcset=\"https:\/\/sybir.bialystok.pl\/wp-content\/uploads\/2026\/04\/wernisaz2-1024x683.jpg 1024w, https:\/\/sybir.bialystok.pl\/wp-content\/uploads\/2026\/04\/wernisaz2-300x200.jpg 300w, https:\/\/sybir.bialystok.pl\/wp-content\/uploads\/2026\/04\/wernisaz2-768x512.jpg 768w, https:\/\/sybir.bialystok.pl\/wp-content\/uploads\/2026\/04\/wernisaz2-1536x1025.jpg 1536w, https:\/\/sybir.bialystok.pl\/wp-content\/uploads\/2026\/04\/wernisaz2.jpg 2048w\" sizes=\"auto, (max-width: 1024px) 100vw, 1024px\" \/><\/a><\/figure>\n<\/figure>\n\n\n\n<p>The exhibition opening on April 17 was attended by the Director of the Sybir Memorial Museum, Professor Wojciech \u015aleszy\u0144ski, who highlighted the importance of inter-institutional cooperation and the significance of our participation in this nationwide event.<\/p>\n\n\n\n<figure class=\"wp-block-gallery has-nested-images columns-default is-cropped wp-block-gallery-2 is-layout-flex wp-block-gallery-is-layout-flex\">\n<figure class=\"wp-block-image size-large\"><a href=\"https:\/\/sybir.bialystok.pl\/wp-content\/uploads\/2026\/04\/wernisaz-1.jpg\"><img loading=\"lazy\" decoding=\"async\" width=\"1024\" height=\"683\" data-id=\"45370\" src=\"https:\/\/sybir.bialystok.pl\/wp-content\/uploads\/2026\/04\/wernisaz-1-1024x683.jpg\" alt=\"\" class=\"wp-image-45370\" srcset=\"https:\/\/sybir.bialystok.pl\/wp-content\/uploads\/2026\/04\/wernisaz-1-1024x683.jpg 1024w, https:\/\/sybir.bialystok.pl\/wp-content\/uploads\/2026\/04\/wernisaz-1-300x200.jpg 300w, https:\/\/sybir.bialystok.pl\/wp-content\/uploads\/2026\/04\/wernisaz-1-768x512.jpg 768w, https:\/\/sybir.bialystok.pl\/wp-content\/uploads\/2026\/04\/wernisaz-1-1536x1025.jpg 1536w, https:\/\/sybir.bialystok.pl\/wp-content\/uploads\/2026\/04\/wernisaz-1.jpg 2048w\" sizes=\"auto, (max-width: 1024px) 100vw, 1024px\" \/><\/a><\/figure>\n\n\n\n<figure class=\"wp-block-image size-large\"><a href=\"https:\/\/sybir.bialystok.pl\/wp-content\/uploads\/2026\/04\/3.jpg\"><img loading=\"lazy\" decoding=\"async\" width=\"2048\" height=\"1366\" data-id=\"45376\" src=\"https:\/\/sybir.bialystok.pl\/wp-content\/uploads\/2026\/04\/3-1024x683.jpg\" alt=\"\" class=\"wp-image-45376\" srcset=\"https:\/\/sybir.bialystok.pl\/wp-content\/uploads\/2026\/04\/3-1024x683.jpg 1024w, https:\/\/sybir.bialystok.pl\/wp-content\/uploads\/2026\/04\/3-300x200.jpg 300w, https:\/\/sybir.bialystok.pl\/wp-content\/uploads\/2026\/04\/3-768x512.jpg 768w, https:\/\/sybir.bialystok.pl\/wp-content\/uploads\/2026\/04\/3-1536x1025.jpg 1536w, https:\/\/sybir.bialystok.pl\/wp-content\/uploads\/2026\/04\/3.jpg 2048w\" sizes=\"auto, (max-width: 2048px) 100vw, 2048px\" \/><\/a><\/figure>\n<\/figure>\n\n\n\n<figure class=\"wp-block-image size-large\"><a href=\"https:\/\/sybir.bialystok.pl\/wp-content\/uploads\/2026\/04\/4.jpg\"><img loading=\"lazy\" decoding=\"async\" width=\"1024\" height=\"683\" src=\"https:\/\/sybir.bialystok.pl\/wp-content\/uploads\/2026\/04\/4-1024x683.jpg\" alt=\"\" class=\"wp-image-45389\" srcset=\"https:\/\/sybir.bialystok.pl\/wp-content\/uploads\/2026\/04\/4-1024x683.jpg 1024w, https:\/\/sybir.bialystok.pl\/wp-content\/uploads\/2026\/04\/4-300x200.jpg 300w, https:\/\/sybir.bialystok.pl\/wp-content\/uploads\/2026\/04\/4-768x512.jpg 768w, https:\/\/sybir.bialystok.pl\/wp-content\/uploads\/2026\/04\/4-1536x1025.jpg 1536w, https:\/\/sybir.bialystok.pl\/wp-content\/uploads\/2026\/04\/4.jpg 2048w\" sizes=\"auto, (max-width: 1024px) 100vw, 1024px\" \/><\/a><\/figure>\n\n\n\n<p>Our album, an important part of this prestigious exhibition, comprises 120 photographs documenting a sea expedition in 1897, organized by Ignacy Karol Korwin-Milewski aboard an impressive steam yacht.<\/p>\n\n\n\n<p>Of particular importance to the Sybir Memorial Museum are the extremely rare photographs of the Solovetsky Islands included in the album\u2014later the site of the first Soviet labor camp. The album offers a unique record of a world that was soon to be brutally destroyed.<\/p>\n\n\n\n<figure class=\"wp-block-gallery has-nested-images columns-default is-cropped wp-block-gallery-3 is-layout-flex wp-block-gallery-is-layout-flex\">\n<figure class=\"wp-block-image size-large\"><a href=\"https:\/\/sybir.bialystok.pl\/wp-content\/uploads\/2026\/04\/mps_f_4209_35-1-scaled.jpg\"><img loading=\"lazy\" decoding=\"async\" width=\"1024\" height=\"749\" data-id=\"45340\" src=\"https:\/\/sybir.bialystok.pl\/wp-content\/uploads\/2026\/04\/mps_f_4209_35-1-1024x749.jpg\" alt=\"\" class=\"wp-image-45340\" srcset=\"https:\/\/sybir.bialystok.pl\/wp-content\/uploads\/2026\/04\/mps_f_4209_35-1-1024x749.jpg 1024w, https:\/\/sybir.bialystok.pl\/wp-content\/uploads\/2026\/04\/mps_f_4209_35-1-300x220.jpg 300w, https:\/\/sybir.bialystok.pl\/wp-content\/uploads\/2026\/04\/mps_f_4209_35-1-768x562.jpg 768w, https:\/\/sybir.bialystok.pl\/wp-content\/uploads\/2026\/04\/mps_f_4209_35-1-1536x1124.jpg 1536w, https:\/\/sybir.bialystok.pl\/wp-content\/uploads\/2026\/04\/mps_f_4209_35-1-2048x1499.jpg 2048w\" sizes=\"auto, (max-width: 1024px) 100vw, 1024px\" \/><\/a><\/figure>\n\n\n\n<figure class=\"wp-block-image size-large\"><a href=\"https:\/\/sybir.bialystok.pl\/wp-content\/uploads\/2026\/04\/mps_f_4209_79-1-scaled.jpg\"><img loading=\"lazy\" decoding=\"async\" width=\"1024\" height=\"793\" data-id=\"45343\" src=\"https:\/\/sybir.bialystok.pl\/wp-content\/uploads\/2026\/04\/mps_f_4209_79-1-1024x793.jpg\" alt=\"\" class=\"wp-image-45343\" srcset=\"https:\/\/sybir.bialystok.pl\/wp-content\/uploads\/2026\/04\/mps_f_4209_79-1-1024x793.jpg 1024w, https:\/\/sybir.bialystok.pl\/wp-content\/uploads\/2026\/04\/mps_f_4209_79-1-300x232.jpg 300w, https:\/\/sybir.bialystok.pl\/wp-content\/uploads\/2026\/04\/mps_f_4209_79-1-768x595.jpg 768w, https:\/\/sybir.bialystok.pl\/wp-content\/uploads\/2026\/04\/mps_f_4209_79-1-1536x1190.jpg 1536w, https:\/\/sybir.bialystok.pl\/wp-content\/uploads\/2026\/04\/mps_f_4209_79-1-2048x1587.jpg 2048w\" sizes=\"auto, (max-width: 1024px) 100vw, 1024px\" \/><\/a><\/figure>\n\n\n\n<figure class=\"wp-block-image size-large\"><a href=\"https:\/\/sybir.bialystok.pl\/wp-content\/uploads\/2026\/04\/mps_f_4209_114-1-scaled.jpg\"><img loading=\"lazy\" decoding=\"async\" width=\"1024\" height=\"794\" data-id=\"45346\" src=\"https:\/\/sybir.bialystok.pl\/wp-content\/uploads\/2026\/04\/mps_f_4209_114-1-1024x794.jpg\" alt=\"\" class=\"wp-image-45346\" srcset=\"https:\/\/sybir.bialystok.pl\/wp-content\/uploads\/2026\/04\/mps_f_4209_114-1-1024x794.jpg 1024w, https:\/\/sybir.bialystok.pl\/wp-content\/uploads\/2026\/04\/mps_f_4209_114-1-300x233.jpg 300w, https:\/\/sybir.bialystok.pl\/wp-content\/uploads\/2026\/04\/mps_f_4209_114-1-768x595.jpg 768w, https:\/\/sybir.bialystok.pl\/wp-content\/uploads\/2026\/04\/mps_f_4209_114-1-1536x1191.jpg 1536w, https:\/\/sybir.bialystok.pl\/wp-content\/uploads\/2026\/04\/mps_f_4209_114-1-2048x1588.jpg 2048w\" sizes=\"auto, (max-width: 1024px) 100vw, 1024px\" \/><\/a><\/figure>\n<\/figure>\n\n\n\n<p>The exhibition at the National Museum in Warsaw runs until September 13, 2026. We warmly encourage you to visit and discover our exhibit, as well as the fascinating story of Ignacy Korwin-Milewski.<\/p>\n\n\n\n<p><\/p>\n\n\n\n<p>Photo: Bartosz Bajerski \/ National Museum in Warsaw<\/p>\n\n\n\n<!--more-->\n\n\n\n<p><\/p>\n","protected":false},"excerpt":{"rendered":"<p>One of the most valuable objects from the Sybir Memorial Museum \u2013 an album containing unique photographs by Ignacy Korwin-Milewski \u2013 has been loaned to the exhibition \u201cCollector: Ignacy Korwin-Milewski (1846\u20131926)\u201d.<\/p>\n","protected":false},"author":8,"featured_media":45362,"comment_status":"closed","ping_status":"closed","sticky":false,"template":"","format":"standard","meta":{"_acf_changed":false,"_editorskit_title_hidden":false,"_editorskit_reading_time":0,"_editorskit_is_block_options_detached":false,"_editorskit_block_options_position":"{}","footnotes":""},"categories":[4],"tags":[],"class_list":["post-45445","post","type-post","status-publish","format-standard","has-post-thumbnail","hentry","category-uncategorized"],"acf":[],"yoast_head":"<!-- This site is optimized with the Yoast SEO plugin v24.6 - https:\/\/yoast.com\/wordpress\/plugins\/seo\/ -->\n<title>Our Collection Featured at the National Museum in Warsaw - Muzeum Pami\u0119ci Sybiru<\/title>\n<meta name=\"robots\" content=\"index, follow, max-snippet:-1, max-image-preview:large, max-video-preview:-1\" \/>\n<link rel=\"canonical\" href=\"https:\/\/sybir.bialystok.pl\/en\/our-collection-featured-at-the-national-museum-in-warsaw\/\" \/>\n<meta property=\"og:locale\" content=\"en_US\" \/>\n<meta property=\"og:type\" content=\"article\" \/>\n<meta property=\"og:title\" content=\"Our Collection Featured at the National Museum in Warsaw - Muzeum Pami\u0119ci Sybiru\" \/>\n<meta property=\"og:description\" content=\"One of the most valuable objects from the Sybir Memorial Museum \u2013 an album containing unique photographs by Ignacy Korwin-Milewski \u2013 has been loaned to the exhibition \u201cCollector: Ignacy Korwin-Milewski (1846\u20131926)\u201d.\" \/>\n<meta property=\"og:url\" content=\"https:\/\/sybir.bialystok.pl\/en\/our-collection-featured-at-the-national-museum-in-warsaw\/\" \/>\n<meta property=\"og:site_name\" content=\"Muzeum Pami\u0119ci Sybiru\" \/>\n<meta property=\"article:published_time\" content=\"2026-04-20T08:22:43+00:00\" \/>\n<meta property=\"article:modified_time\" content=\"2026-04-28T08:28:46+00:00\" \/>\n<meta property=\"og:image\" content=\"https:\/\/sybir.bialystok.pl\/wp-content\/uploads\/2026\/04\/wernisaz2.jpg\" \/>\n\t<meta property=\"og:image:width\" content=\"2048\" \/>\n\t<meta property=\"og:image:height\" content=\"1366\" \/>\n\t<meta property=\"og:image:type\" content=\"image\/jpeg\" \/>\n<meta name=\"author\" content=\"patrycja\" \/>\n<meta name=\"twitter:card\" content=\"summary_large_image\" \/>\n<meta name=\"twitter:label1\" content=\"Written by\" \/>\n\t<meta name=\"twitter:data1\" content=\"patrycja\" \/>\n\t<meta name=\"twitter:label2\" content=\"Est. reading time\" \/>\n\t<meta name=\"twitter:data2\" content=\"1 minute\" \/>\n<script type=\"application\/ld+json\" class=\"yoast-schema-graph\">{\"@context\":\"https:\/\/schema.org\",\"@graph\":[{\"@type\":\"WebPage\",\"@id\":\"https:\/\/sybir.bialystok.pl\/en\/our-collection-featured-at-the-national-museum-in-warsaw\/\",\"url\":\"https:\/\/sybir.bialystok.pl\/en\/our-collection-featured-at-the-national-museum-in-warsaw\/\",\"name\":\"Our Collection Featured at the National Museum in Warsaw - Muzeum Pami\u0119ci Sybiru\",\"isPartOf\":{\"@id\":\"https:\/\/sybir.bialystok.pl\/en\/#website\"},\"primaryImageOfPage\":{\"@id\":\"https:\/\/sybir.bialystok.pl\/en\/our-collection-featured-at-the-national-museum-in-warsaw\/#primaryimage\"},\"image\":{\"@id\":\"https:\/\/sybir.bialystok.pl\/en\/our-collection-featured-at-the-national-museum-in-warsaw\/#primaryimage\"},\"thumbnailUrl\":\"https:\/\/sybir.bialystok.pl\/wp-content\/uploads\/2026\/04\/wernisaz2.jpg\",\"datePublished\":\"2026-04-20T08:22:43+00:00\",\"dateModified\":\"2026-04-28T08:28:46+00:00\",\"author\":{\"@id\":\"https:\/\/sybir.bialystok.pl\/en\/#\/schema\/person\/85b0358246e62a03dc3e65a0b9853539\"},\"breadcrumb\":{\"@id\":\"https:\/\/sybir.bialystok.pl\/en\/our-collection-featured-at-the-national-museum-in-warsaw\/#breadcrumb\"},\"inLanguage\":\"en-US\",\"potentialAction\":[{\"@type\":\"ReadAction\",\"target\":[\"https:\/\/sybir.bialystok.pl\/en\/our-collection-featured-at-the-national-museum-in-warsaw\/\"]}]},{\"@type\":\"ImageObject\",\"inLanguage\":\"en-US\",\"@id\":\"https:\/\/sybir.bialystok.pl\/en\/our-collection-featured-at-the-national-museum-in-warsaw\/#primaryimage\",\"url\":\"https:\/\/sybir.bialystok.pl\/wp-content\/uploads\/2026\/04\/wernisaz2.jpg\",\"contentUrl\":\"https:\/\/sybir.bialystok.pl\/wp-content\/uploads\/2026\/04\/wernisaz2.jpg\",\"width\":2048,\"height\":1366},{\"@type\":\"BreadcrumbList\",\"@id\":\"https:\/\/sybir.bialystok.pl\/en\/our-collection-featured-at-the-national-museum-in-warsaw\/#breadcrumb\",\"itemListElement\":[{\"@type\":\"ListItem\",\"position\":1,\"name\":\"Home page\",\"item\":\"https:\/\/sybir.bialystok.pl\/en\/\"},{\"@type\":\"ListItem\",\"position\":2,\"name\":\"Our Collection Featured at the National Museum in Warsaw\"}]},{\"@type\":\"WebSite\",\"@id\":\"https:\/\/sybir.bialystok.pl\/en\/#website\",\"url\":\"https:\/\/sybir.bialystok.pl\/en\/\",\"name\":\"Muzeum Pami\u0119ci Sybiru\",\"description\":\"Muzeum Pami\u0119ci Sybiru jest po\u015bwi\u0119cone ludziom, kt\u00f3rzy od ko\u0144ca XVI a\u017c do po\u0142owy XX wieku byli niewoleni i zsy\u0142ani w g\u0142\u0105b Rosji, a p\u00f3\u017aniej Zwi\u0105zku Sowieckiego, jak te\u017c tym, kt\u00f3rzy pod\u0105\u017cali tam dobrowolnie.\",\"potentialAction\":[{\"@type\":\"SearchAction\",\"target\":{\"@type\":\"EntryPoint\",\"urlTemplate\":\"https:\/\/sybir.bialystok.pl\/en\/?s={search_term_string}\"},\"query-input\":{\"@type\":\"PropertyValueSpecification\",\"valueRequired\":true,\"valueName\":\"search_term_string\"}}],\"inLanguage\":\"en-US\"},{\"@type\":\"Person\",\"@id\":\"https:\/\/sybir.bialystok.pl\/en\/#\/schema\/person\/85b0358246e62a03dc3e65a0b9853539\",\"name\":\"patrycja\",\"image\":{\"@type\":\"ImageObject\",\"inLanguage\":\"en-US\",\"@id\":\"https:\/\/sybir.bialystok.pl\/en\/#\/schema\/person\/image\/\",\"url\":\"https:\/\/secure.gravatar.com\/avatar\/2e5c2d7fba244e02fc170bb150ec29b373eb7eb084a0dce224e66fc8b85c667c?s=96&d=mm&r=g\",\"contentUrl\":\"https:\/\/secure.gravatar.com\/avatar\/2e5c2d7fba244e02fc170bb150ec29b373eb7eb084a0dce224e66fc8b85c667c?s=96&d=mm&r=g\",\"caption\":\"patrycja\"},\"sameAs\":[\"patrycja\"]}]}<\/script>\n<!-- \/ Yoast SEO plugin. -->","yoast_head_json":{"title":"Our Collection Featured at the National Museum in Warsaw - Muzeum Pami\u0119ci Sybiru","robots":{"index":"index","follow":"follow","max-snippet":"max-snippet:-1","max-image-preview":"max-image-preview:large","max-video-preview":"max-video-preview:-1"},"canonical":"https:\/\/sybir.bialystok.pl\/en\/our-collection-featured-at-the-national-museum-in-warsaw\/","og_locale":"en_US","og_type":"article","og_title":"Our Collection Featured at the National Museum in Warsaw - Muzeum Pami\u0119ci Sybiru","og_description":"One of the most valuable objects from the Sybir Memorial Museum \u2013 an album containing unique photographs by Ignacy Korwin-Milewski \u2013 has been loaned to the exhibition \u201cCollector: Ignacy Korwin-Milewski (1846\u20131926)\u201d.","og_url":"https:\/\/sybir.bialystok.pl\/en\/our-collection-featured-at-the-national-museum-in-warsaw\/","og_site_name":"Muzeum Pami\u0119ci Sybiru","article_published_time":"2026-04-20T08:22:43+00:00","article_modified_time":"2026-04-28T08:28:46+00:00","og_image":[{"width":2048,"height":1366,"url":"https:\/\/sybir.bialystok.pl\/wp-content\/uploads\/2026\/04\/wernisaz2.jpg","type":"image\/jpeg"}],"author":"patrycja","twitter_card":"summary_large_image","twitter_misc":{"Written by":"patrycja","Est. reading time":"1 minute"},"schema":{"@context":"https:\/\/schema.org","@graph":[{"@type":"WebPage","@id":"https:\/\/sybir.bialystok.pl\/en\/our-collection-featured-at-the-national-museum-in-warsaw\/","url":"https:\/\/sybir.bialystok.pl\/en\/our-collection-featured-at-the-national-museum-in-warsaw\/","name":"Our Collection Featured at the National Museum in Warsaw - Muzeum Pami\u0119ci Sybiru","isPartOf":{"@id":"https:\/\/sybir.bialystok.pl\/en\/#website"},"primaryImageOfPage":{"@id":"https:\/\/sybir.bialystok.pl\/en\/our-collection-featured-at-the-national-museum-in-warsaw\/#primaryimage"},"image":{"@id":"https:\/\/sybir.bialystok.pl\/en\/our-collection-featured-at-the-national-museum-in-warsaw\/#primaryimage"},"thumbnailUrl":"https:\/\/sybir.bialystok.pl\/wp-content\/uploads\/2026\/04\/wernisaz2.jpg","datePublished":"2026-04-20T08:22:43+00:00","dateModified":"2026-04-28T08:28:46+00:00","author":{"@id":"https:\/\/sybir.bialystok.pl\/en\/#\/schema\/person\/85b0358246e62a03dc3e65a0b9853539"},"breadcrumb":{"@id":"https:\/\/sybir.bialystok.pl\/en\/our-collection-featured-at-the-national-museum-in-warsaw\/#breadcrumb"},"inLanguage":"en-US","potentialAction":[{"@type":"ReadAction","target":["https:\/\/sybir.bialystok.pl\/en\/our-collection-featured-at-the-national-museum-in-warsaw\/"]}]},{"@type":"ImageObject","inLanguage":"en-US","@id":"https:\/\/sybir.bialystok.pl\/en\/our-collection-featured-at-the-national-museum-in-warsaw\/#primaryimage","url":"https:\/\/sybir.bialystok.pl\/wp-content\/uploads\/2026\/04\/wernisaz2.jpg","contentUrl":"https:\/\/sybir.bialystok.pl\/wp-content\/uploads\/2026\/04\/wernisaz2.jpg","width":2048,"height":1366},{"@type":"BreadcrumbList","@id":"https:\/\/sybir.bialystok.pl\/en\/our-collection-featured-at-the-national-museum-in-warsaw\/#breadcrumb","itemListElement":[{"@type":"ListItem","position":1,"name":"Home page","item":"https:\/\/sybir.bialystok.pl\/en\/"},{"@type":"ListItem","position":2,"name":"Our Collection Featured at the National Museum in Warsaw"}]},{"@type":"WebSite","@id":"https:\/\/sybir.bialystok.pl\/en\/#website","url":"https:\/\/sybir.bialystok.pl\/en\/","name":"Muzeum Pami\u0119ci Sybiru","description":"Muzeum Pami\u0119ci Sybiru jest po\u015bwi\u0119cone ludziom, kt\u00f3rzy od ko\u0144ca XVI a\u017c do po\u0142owy XX wieku byli niewoleni i zsy\u0142ani w g\u0142\u0105b Rosji, a p\u00f3\u017aniej Zwi\u0105zku Sowieckiego, jak te\u017c tym, kt\u00f3rzy pod\u0105\u017cali tam dobrowolnie.","potentialAction":[{"@type":"SearchAction","target":{"@type":"EntryPoint","urlTemplate":"https:\/\/sybir.bialystok.pl\/en\/?s={search_term_string}"},"query-input":{"@type":"PropertyValueSpecification","valueRequired":true,"valueName":"search_term_string"}}],"inLanguage":"en-US"},{"@type":"Person","@id":"https:\/\/sybir.bialystok.pl\/en\/#\/schema\/person\/85b0358246e62a03dc3e65a0b9853539","name":"patrycja","image":{"@type":"ImageObject","inLanguage":"en-US","@id":"https:\/\/sybir.bialystok.pl\/en\/#\/schema\/person\/image\/","url":"https:\/\/secure.gravatar.com\/avatar\/2e5c2d7fba244e02fc170bb150ec29b373eb7eb084a0dce224e66fc8b85c667c?s=96&d=mm&r=g","contentUrl":"https:\/\/secure.gravatar.com\/avatar\/2e5c2d7fba244e02fc170bb150ec29b373eb7eb084a0dce224e66fc8b85c667c?s=96&d=mm&r=g","caption":"patrycja"},"sameAs":["patrycja"]}]}},"_links":{"self":[{"href":"https:\/\/sybir.bialystok.pl\/en\/wp-json\/wp\/v2\/posts\/45445","targetHints":{"allow":["GET"]}}],"collection":[{"href":"https:\/\/sybir.bialystok.pl\/en\/wp-json\/wp\/v2\/posts"}],"about":[{"href":"https:\/\/sybir.bialystok.pl\/en\/wp-json\/wp\/v2\/types\/post"}],"author":[{"embeddable":true,"href":"https:\/\/sybir.bialystok.pl\/en\/wp-json\/wp\/v2\/users\/8"}],"replies":[{"embeddable":true,"href":"https:\/\/sybir.bialystok.pl\/en\/wp-json\/wp\/v2\/comments?post=45445"}],"version-history":[{"count":1,"href":"https:\/\/sybir.bialystok.pl\/en\/wp-json\/wp\/v2\/posts\/45445\/revisions"}],"predecessor-version":[{"id":45446,"href":"https:\/\/sybir.bialystok.pl\/en\/wp-json\/wp\/v2\/posts\/45445\/revisions\/45446"}],"wp:featuredmedia":[{"embeddable":true,"href":"https:\/\/sybir.bialystok.pl\/en\/wp-json\/wp\/v2\/media\/45362"}],"wp:attachment":[{"href":"https:\/\/sybir.bialystok.pl\/en\/wp-json\/wp\/v2\/media?parent=45445"}],"wp:term":[{"taxonomy":"category","embeddable":true,"href":"https:\/\/sybir.bialystok.pl\/en\/wp-json\/wp\/v2\/categories?post=45445"},{"taxonomy":"post_tag","embeddable":true,"href":"https:\/\/sybir.bialystok.pl\/en\/wp-json\/wp\/v2\/tags?post=45445"}],"curies":[{"name":"wp","href":"https:\/\/api.w.org\/{rel}","templated":true}]}}