{"id":44786,"date":"2026-03-27T10:42:25","date_gmt":"2026-03-27T09:42:25","guid":{"rendered":"https:\/\/sybir.bialystok.pl\/?p=44786"},"modified":"2026-03-31T10:46:55","modified_gmt":"2026-03-31T08:46:55","slug":"roads-of-memory-cycling-in-the-footsteps-of-exiles","status":"publish","type":"post","link":"https:\/\/sybir.bialystok.pl\/en\/roads-of-memory-cycling-in-the-footsteps-of-exiles\/","title":{"rendered":"Roads of Memory \u2013 Cycling in the Footsteps of Exiles"},"content":{"rendered":"\n<div class=\"wp-block-buttons is-content-justification-center is-layout-flex wp-container-core-buttons-is-layout-16018d1d wp-block-buttons-is-layout-flex\">\n<div class=\"wp-block-button\"><a class=\"wp-block-button__link has-white-color has-text-color has-link-color wp-element-button\" href=\"https:\/\/bilety.sybir.bialystok.pl\/rezerwacja\/termin.html?y=2026&amp;m=4&amp;back=1&amp;idw=56\"><strong>BUY TICKETS<\/strong><\/a><\/div>\n<\/div>\n\n\n\n<div style=\"height:54px\" aria-hidden=\"true\" class=\"wp-block-spacer\"><\/div>\n\n\n\n<p>In 2014, Krzysztof Suchowierski, together with two companions, set off on a winter cycling expedition across Yakutia. They covered nearly 3,500 kilometers, traveling from south to north in temperatures dropping as low as \u201355\u00b0C.<\/p>\n\n\n\n<p>The \u201cRoads of Memory\u201d expedition led to sites associated with the exile of political prisoners. It was an attempt to commemorate the victims of repression and to draw attention to the experiences of people condemned by a totalitarian regime to life in the Gulag system. The extreme conditions of the journey allowed the participants to better understand the scale of hardships faced by the exiles.<\/p>\n\n\n\n<p>During the meeting, the author will speak about the realities of a winter journey through Siberia \u2013 the physical effort, the everyday challenges of the road, coping with extreme temperatures, as well as the encounters and experiences along the way.<\/p>\n\n\n\n<figure class=\"wp-block-gallery has-nested-images columns-default is-cropped wp-block-gallery-1 is-layout-flex wp-block-gallery-is-layout-flex\">\n<figure class=\"wp-block-image size-full\"><a href=\"https:\/\/sybir.bialystok.pl\/wp-content\/uploads\/2026\/03\/20-scaled.jpg\"><img loading=\"lazy\" decoding=\"async\" width=\"2560\" height=\"1920\" data-id=\"44727\" src=\"https:\/\/sybir.bialystok.pl\/wp-content\/uploads\/2026\/03\/20-scaled.jpg\" alt=\"\" class=\"wp-image-44727\" srcset=\"https:\/\/sybir.bialystok.pl\/wp-content\/uploads\/2026\/03\/20-scaled.jpg 2560w, https:\/\/sybir.bialystok.pl\/wp-content\/uploads\/2026\/03\/20-300x225.jpg 300w, https:\/\/sybir.bialystok.pl\/wp-content\/uploads\/2026\/03\/20-1024x768.jpg 1024w, https:\/\/sybir.bialystok.pl\/wp-content\/uploads\/2026\/03\/20-768x576.jpg 768w, https:\/\/sybir.bialystok.pl\/wp-content\/uploads\/2026\/03\/20-1536x1152.jpg 1536w, https:\/\/sybir.bialystok.pl\/wp-content\/uploads\/2026\/03\/20-2048x1536.jpg 2048w\" sizes=\"auto, (max-width: 2560px) 100vw, 2560px\" \/><\/a><\/figure>\n\n\n\n<figure class=\"wp-block-image size-full\"><a href=\"https:\/\/sybir.bialystok.pl\/wp-content\/uploads\/2026\/03\/29-scaled.jpg\"><img loading=\"lazy\" decoding=\"async\" width=\"2560\" height=\"1703\" data-id=\"44729\" src=\"https:\/\/sybir.bialystok.pl\/wp-content\/uploads\/2026\/03\/29-scaled.jpg\" alt=\"\" class=\"wp-image-44729\" srcset=\"https:\/\/sybir.bialystok.pl\/wp-content\/uploads\/2026\/03\/29-scaled.jpg 2560w, https:\/\/sybir.bialystok.pl\/wp-content\/uploads\/2026\/03\/29-300x200.jpg 300w, https:\/\/sybir.bialystok.pl\/wp-content\/uploads\/2026\/03\/29-1024x681.jpg 1024w, https:\/\/sybir.bialystok.pl\/wp-content\/uploads\/2026\/03\/29-768x511.jpg 768w, https:\/\/sybir.bialystok.pl\/wp-content\/uploads\/2026\/03\/29-1536x1022.jpg 1536w, https:\/\/sybir.bialystok.pl\/wp-content\/uploads\/2026\/03\/29-2048x1363.jpg 2048w\" sizes=\"auto, (max-width: 2560px) 100vw, 2560px\" \/><\/a><\/figure>\n\n\n\n<figure class=\"wp-block-image size-full\"><a href=\"https:\/\/sybir.bialystok.pl\/wp-content\/uploads\/2026\/03\/9-1.jpg\"><img loading=\"lazy\" decoding=\"async\" width=\"1024\" height=\"665\" data-id=\"44733\" src=\"https:\/\/sybir.bialystok.pl\/wp-content\/uploads\/2026\/03\/9-1.jpg\" alt=\"\" class=\"wp-image-44733\" srcset=\"https:\/\/sybir.bialystok.pl\/wp-content\/uploads\/2026\/03\/9-1.jpg 1024w, https:\/\/sybir.bialystok.pl\/wp-content\/uploads\/2026\/03\/9-1-300x195.jpg 300w, https:\/\/sybir.bialystok.pl\/wp-content\/uploads\/2026\/03\/9-1-768x499.jpg 768w\" sizes=\"auto, (max-width: 1024px) 100vw, 1024px\" \/><\/a><\/figure>\n\n\n\n<figure class=\"wp-block-image size-full\"><a href=\"https:\/\/sybir.bialystok.pl\/wp-content\/uploads\/2026\/03\/009.jpg\"><img loading=\"lazy\" decoding=\"async\" width=\"1920\" height=\"1441\" data-id=\"44724\" src=\"https:\/\/sybir.bialystok.pl\/wp-content\/uploads\/2026\/03\/009.jpg\" alt=\"\" class=\"wp-image-44724\" srcset=\"https:\/\/sybir.bialystok.pl\/wp-content\/uploads\/2026\/03\/009.jpg 1920w, https:\/\/sybir.bialystok.pl\/wp-content\/uploads\/2026\/03\/009-300x225.jpg 300w, https:\/\/sybir.bialystok.pl\/wp-content\/uploads\/2026\/03\/009-1024x769.jpg 1024w, https:\/\/sybir.bialystok.pl\/wp-content\/uploads\/2026\/03\/009-768x576.jpg 768w, https:\/\/sybir.bialystok.pl\/wp-content\/uploads\/2026\/03\/009-1536x1153.jpg 1536w\" sizes=\"auto, (max-width: 1920px) 100vw, 1920px\" \/><\/a><\/figure>\n<\/figure>\n\n\n\n<p><strong>About the author<\/strong><br>Krzysztof Suchowierski \u2013 author of <em>Cycling Through the Frosts of Yakutia<\/em> <em>(Rowerem przez mrozy Jakucji)<\/em> and <em>Skiing Through the Frosts of Siberia<\/em> <em>(Na nartach przez mrozy Syberii)<\/em>. In his expeditions, he explores Siberia as a space of extreme experience and a region marked by the history of exile. He took part in the \u201cRoads of Memory\u201d expedition, dedicated to commemorating the victims of the Gulag system.<\/p>\n\n\n\n<p><strong>Date:<\/strong> April 16, 2026<br><strong>Time:<\/strong> 6:00 p.m.<br><strong>Tickets:<\/strong> regular \u2013 15 PLN, reduced \u2013 10 PLN<\/p>\n\n\n\n<div style=\"height:54px\" aria-hidden=\"true\" class=\"wp-block-spacer\"><\/div>\n\n\n\n<div class=\"wp-block-buttons is-content-justification-center is-layout-flex wp-container-core-buttons-is-layout-16018d1d wp-block-buttons-is-layout-flex\">\n<div class=\"wp-block-button\"><a class=\"wp-block-button__link has-white-color has-text-color has-link-color wp-element-button\" href=\"https:\/\/bilety.sybir.bialystok.pl\/rezerwacja\/termin.html?y=2026&amp;m=4&amp;back=1&amp;idw=56\"><strong>BUY TICKETS<\/strong><\/a><\/div>\n<\/div>\n\n\n\n<div style=\"height:54px\" aria-hidden=\"true\" class=\"wp-block-spacer\"><\/div>\n\n\n\n<!--more-->\n\n\n\n<p><\/p>\n","protected":false},"excerpt":{"rendered":"<p>On April 16, we invite you to an author\u2019s meeting with Krzysztof Suchowierski \u2013 a traveler who cycled across Siberia in winter, reaching places connected with the history of deportations and the Gulag system.<\/p>\n","protected":false},"author":8,"featured_media":44725,"comment_status":"closed","ping_status":"closed","sticky":false,"template":"","format":"standard","meta":{"_acf_changed":false,"_editorskit_title_hidden":false,"_editorskit_reading_time":0,"_editorskit_is_block_options_detached":false,"_editorskit_block_options_position":"{}","footnotes":""},"categories":[4],"tags":[],"class_list":["post-44786","post","type-post","status-publish","format-standard","has-post-thumbnail","hentry","category-uncategorized"],"acf":[],"yoast_head":"<!-- This site is optimized with the Yoast SEO plugin v24.6 - https:\/\/yoast.com\/wordpress\/plugins\/seo\/ -->\n<title>Roads of Memory \u2013 Cycling in the Footsteps of Exiles - Muzeum Pami\u0119ci Sybiru<\/title>\n<meta name=\"robots\" content=\"index, follow, max-snippet:-1, max-image-preview:large, max-video-preview:-1\" \/>\n<link rel=\"canonical\" href=\"https:\/\/sybir.bialystok.pl\/en\/roads-of-memory-cycling-in-the-footsteps-of-exiles\/\" \/>\n<meta property=\"og:locale\" content=\"en_US\" \/>\n<meta property=\"og:type\" content=\"article\" \/>\n<meta property=\"og:title\" content=\"Roads of Memory \u2013 Cycling in the Footsteps of Exiles - Muzeum Pami\u0119ci Sybiru\" \/>\n<meta property=\"og:description\" content=\"On April 16, we invite you to an author\u2019s meeting with Krzysztof Suchowierski \u2013 a traveler who cycled across Siberia in winter, reaching places connected with the history of deportations and the Gulag system.\" \/>\n<meta property=\"og:url\" content=\"https:\/\/sybir.bialystok.pl\/en\/roads-of-memory-cycling-in-the-footsteps-of-exiles\/\" \/>\n<meta property=\"og:site_name\" content=\"Muzeum Pami\u0119ci Sybiru\" \/>\n<meta property=\"article:published_time\" content=\"2026-03-27T09:42:25+00:00\" \/>\n<meta property=\"article:modified_time\" content=\"2026-03-31T08:46:55+00:00\" \/>\n<meta property=\"og:image\" content=\"https:\/\/sybir.bialystok.pl\/wp-content\/uploads\/2026\/03\/009.jpg\" \/>\n\t<meta property=\"og:image:width\" content=\"1920\" \/>\n\t<meta property=\"og:image:height\" content=\"1441\" \/>\n\t<meta property=\"og:image:type\" content=\"image\/jpeg\" \/>\n<meta name=\"author\" content=\"patrycja\" \/>\n<meta name=\"twitter:card\" content=\"summary_large_image\" \/>\n<meta name=\"twitter:label1\" content=\"Written by\" \/>\n\t<meta name=\"twitter:data1\" content=\"patrycja\" \/>\n\t<meta name=\"twitter:label2\" content=\"Est. reading time\" \/>\n\t<meta name=\"twitter:data2\" content=\"1 minute\" \/>\n<script type=\"application\/ld+json\" class=\"yoast-schema-graph\">{\"@context\":\"https:\/\/schema.org\",\"@graph\":[{\"@type\":\"WebPage\",\"@id\":\"https:\/\/sybir.bialystok.pl\/en\/roads-of-memory-cycling-in-the-footsteps-of-exiles\/\",\"url\":\"https:\/\/sybir.bialystok.pl\/en\/roads-of-memory-cycling-in-the-footsteps-of-exiles\/\",\"name\":\"Roads of Memory \u2013 Cycling in the Footsteps of Exiles - Muzeum Pami\u0119ci Sybiru\",\"isPartOf\":{\"@id\":\"https:\/\/sybir.bialystok.pl\/en\/#website\"},\"primaryImageOfPage\":{\"@id\":\"https:\/\/sybir.bialystok.pl\/en\/roads-of-memory-cycling-in-the-footsteps-of-exiles\/#primaryimage\"},\"image\":{\"@id\":\"https:\/\/sybir.bialystok.pl\/en\/roads-of-memory-cycling-in-the-footsteps-of-exiles\/#primaryimage\"},\"thumbnailUrl\":\"https:\/\/sybir.bialystok.pl\/wp-content\/uploads\/2026\/03\/009.jpg\",\"datePublished\":\"2026-03-27T09:42:25+00:00\",\"dateModified\":\"2026-03-31T08:46:55+00:00\",\"author\":{\"@id\":\"https:\/\/sybir.bialystok.pl\/en\/#\/schema\/person\/85b0358246e62a03dc3e65a0b9853539\"},\"breadcrumb\":{\"@id\":\"https:\/\/sybir.bialystok.pl\/en\/roads-of-memory-cycling-in-the-footsteps-of-exiles\/#breadcrumb\"},\"inLanguage\":\"en-US\",\"potentialAction\":[{\"@type\":\"ReadAction\",\"target\":[\"https:\/\/sybir.bialystok.pl\/en\/roads-of-memory-cycling-in-the-footsteps-of-exiles\/\"]}]},{\"@type\":\"ImageObject\",\"inLanguage\":\"en-US\",\"@id\":\"https:\/\/sybir.bialystok.pl\/en\/roads-of-memory-cycling-in-the-footsteps-of-exiles\/#primaryimage\",\"url\":\"https:\/\/sybir.bialystok.pl\/wp-content\/uploads\/2026\/03\/009.jpg\",\"contentUrl\":\"https:\/\/sybir.bialystok.pl\/wp-content\/uploads\/2026\/03\/009.jpg\",\"width\":1920,\"height\":1441},{\"@type\":\"BreadcrumbList\",\"@id\":\"https:\/\/sybir.bialystok.pl\/en\/roads-of-memory-cycling-in-the-footsteps-of-exiles\/#breadcrumb\",\"itemListElement\":[{\"@type\":\"ListItem\",\"position\":1,\"name\":\"Home page\",\"item\":\"https:\/\/sybir.bialystok.pl\/en\/\"},{\"@type\":\"ListItem\",\"position\":2,\"name\":\"Roads of Memory \u2013 Cycling in the Footsteps of Exiles\"}]},{\"@type\":\"WebSite\",\"@id\":\"https:\/\/sybir.bialystok.pl\/en\/#website\",\"url\":\"https:\/\/sybir.bialystok.pl\/en\/\",\"name\":\"Muzeum Pami\u0119ci Sybiru\",\"description\":\"Muzeum Pami\u0119ci Sybiru jest po\u015bwi\u0119cone ludziom, kt\u00f3rzy od ko\u0144ca XVI a\u017c do po\u0142owy XX wieku byli niewoleni i zsy\u0142ani w g\u0142\u0105b Rosji, a p\u00f3\u017aniej Zwi\u0105zku Sowieckiego, jak te\u017c tym, kt\u00f3rzy pod\u0105\u017cali tam dobrowolnie.\",\"potentialAction\":[{\"@type\":\"SearchAction\",\"target\":{\"@type\":\"EntryPoint\",\"urlTemplate\":\"https:\/\/sybir.bialystok.pl\/en\/?s={search_term_string}\"},\"query-input\":{\"@type\":\"PropertyValueSpecification\",\"valueRequired\":true,\"valueName\":\"search_term_string\"}}],\"inLanguage\":\"en-US\"},{\"@type\":\"Person\",\"@id\":\"https:\/\/sybir.bialystok.pl\/en\/#\/schema\/person\/85b0358246e62a03dc3e65a0b9853539\",\"name\":\"patrycja\",\"image\":{\"@type\":\"ImageObject\",\"inLanguage\":\"en-US\",\"@id\":\"https:\/\/sybir.bialystok.pl\/en\/#\/schema\/person\/image\/\",\"url\":\"https:\/\/secure.gravatar.com\/avatar\/2e5c2d7fba244e02fc170bb150ec29b373eb7eb084a0dce224e66fc8b85c667c?s=96&d=mm&r=g\",\"contentUrl\":\"https:\/\/secure.gravatar.com\/avatar\/2e5c2d7fba244e02fc170bb150ec29b373eb7eb084a0dce224e66fc8b85c667c?s=96&d=mm&r=g\",\"caption\":\"patrycja\"},\"sameAs\":[\"patrycja\"]}]}<\/script>\n<!-- \/ Yoast SEO plugin. -->","yoast_head_json":{"title":"Roads of Memory \u2013 Cycling in the Footsteps of Exiles - Muzeum Pami\u0119ci Sybiru","robots":{"index":"index","follow":"follow","max-snippet":"max-snippet:-1","max-image-preview":"max-image-preview:large","max-video-preview":"max-video-preview:-1"},"canonical":"https:\/\/sybir.bialystok.pl\/en\/roads-of-memory-cycling-in-the-footsteps-of-exiles\/","og_locale":"en_US","og_type":"article","og_title":"Roads of Memory \u2013 Cycling in the Footsteps of Exiles - Muzeum Pami\u0119ci Sybiru","og_description":"On April 16, we invite you to an author\u2019s meeting with Krzysztof Suchowierski \u2013 a traveler who cycled across Siberia in winter, reaching places connected with the history of deportations and the Gulag system.","og_url":"https:\/\/sybir.bialystok.pl\/en\/roads-of-memory-cycling-in-the-footsteps-of-exiles\/","og_site_name":"Muzeum Pami\u0119ci Sybiru","article_published_time":"2026-03-27T09:42:25+00:00","article_modified_time":"2026-03-31T08:46:55+00:00","og_image":[{"width":1920,"height":1441,"url":"https:\/\/sybir.bialystok.pl\/wp-content\/uploads\/2026\/03\/009.jpg","type":"image\/jpeg"}],"author":"patrycja","twitter_card":"summary_large_image","twitter_misc":{"Written by":"patrycja","Est. reading time":"1 minute"},"schema":{"@context":"https:\/\/schema.org","@graph":[{"@type":"WebPage","@id":"https:\/\/sybir.bialystok.pl\/en\/roads-of-memory-cycling-in-the-footsteps-of-exiles\/","url":"https:\/\/sybir.bialystok.pl\/en\/roads-of-memory-cycling-in-the-footsteps-of-exiles\/","name":"Roads of Memory \u2013 Cycling in the Footsteps of Exiles - Muzeum Pami\u0119ci Sybiru","isPartOf":{"@id":"https:\/\/sybir.bialystok.pl\/en\/#website"},"primaryImageOfPage":{"@id":"https:\/\/sybir.bialystok.pl\/en\/roads-of-memory-cycling-in-the-footsteps-of-exiles\/#primaryimage"},"image":{"@id":"https:\/\/sybir.bialystok.pl\/en\/roads-of-memory-cycling-in-the-footsteps-of-exiles\/#primaryimage"},"thumbnailUrl":"https:\/\/sybir.bialystok.pl\/wp-content\/uploads\/2026\/03\/009.jpg","datePublished":"2026-03-27T09:42:25+00:00","dateModified":"2026-03-31T08:46:55+00:00","author":{"@id":"https:\/\/sybir.bialystok.pl\/en\/#\/schema\/person\/85b0358246e62a03dc3e65a0b9853539"},"breadcrumb":{"@id":"https:\/\/sybir.bialystok.pl\/en\/roads-of-memory-cycling-in-the-footsteps-of-exiles\/#breadcrumb"},"inLanguage":"en-US","potentialAction":[{"@type":"ReadAction","target":["https:\/\/sybir.bialystok.pl\/en\/roads-of-memory-cycling-in-the-footsteps-of-exiles\/"]}]},{"@type":"ImageObject","inLanguage":"en-US","@id":"https:\/\/sybir.bialystok.pl\/en\/roads-of-memory-cycling-in-the-footsteps-of-exiles\/#primaryimage","url":"https:\/\/sybir.bialystok.pl\/wp-content\/uploads\/2026\/03\/009.jpg","contentUrl":"https:\/\/sybir.bialystok.pl\/wp-content\/uploads\/2026\/03\/009.jpg","width":1920,"height":1441},{"@type":"BreadcrumbList","@id":"https:\/\/sybir.bialystok.pl\/en\/roads-of-memory-cycling-in-the-footsteps-of-exiles\/#breadcrumb","itemListElement":[{"@type":"ListItem","position":1,"name":"Home page","item":"https:\/\/sybir.bialystok.pl\/en\/"},{"@type":"ListItem","position":2,"name":"Roads of Memory \u2013 Cycling in the Footsteps of Exiles"}]},{"@type":"WebSite","@id":"https:\/\/sybir.bialystok.pl\/en\/#website","url":"https:\/\/sybir.bialystok.pl\/en\/","name":"Muzeum Pami\u0119ci Sybiru","description":"Muzeum Pami\u0119ci Sybiru jest po\u015bwi\u0119cone ludziom, kt\u00f3rzy od ko\u0144ca XVI a\u017c do po\u0142owy XX wieku byli niewoleni i zsy\u0142ani w g\u0142\u0105b Rosji, a p\u00f3\u017aniej Zwi\u0105zku Sowieckiego, jak te\u017c tym, kt\u00f3rzy pod\u0105\u017cali tam dobrowolnie.","potentialAction":[{"@type":"SearchAction","target":{"@type":"EntryPoint","urlTemplate":"https:\/\/sybir.bialystok.pl\/en\/?s={search_term_string}"},"query-input":{"@type":"PropertyValueSpecification","valueRequired":true,"valueName":"search_term_string"}}],"inLanguage":"en-US"},{"@type":"Person","@id":"https:\/\/sybir.bialystok.pl\/en\/#\/schema\/person\/85b0358246e62a03dc3e65a0b9853539","name":"patrycja","image":{"@type":"ImageObject","inLanguage":"en-US","@id":"https:\/\/sybir.bialystok.pl\/en\/#\/schema\/person\/image\/","url":"https:\/\/secure.gravatar.com\/avatar\/2e5c2d7fba244e02fc170bb150ec29b373eb7eb084a0dce224e66fc8b85c667c?s=96&d=mm&r=g","contentUrl":"https:\/\/secure.gravatar.com\/avatar\/2e5c2d7fba244e02fc170bb150ec29b373eb7eb084a0dce224e66fc8b85c667c?s=96&d=mm&r=g","caption":"patrycja"},"sameAs":["patrycja"]}]}},"_links":{"self":[{"href":"https:\/\/sybir.bialystok.pl\/en\/wp-json\/wp\/v2\/posts\/44786","targetHints":{"allow":["GET"]}}],"collection":[{"href":"https:\/\/sybir.bialystok.pl\/en\/wp-json\/wp\/v2\/posts"}],"about":[{"href":"https:\/\/sybir.bialystok.pl\/en\/wp-json\/wp\/v2\/types\/post"}],"author":[{"embeddable":true,"href":"https:\/\/sybir.bialystok.pl\/en\/wp-json\/wp\/v2\/users\/8"}],"replies":[{"embeddable":true,"href":"https:\/\/sybir.bialystok.pl\/en\/wp-json\/wp\/v2\/comments?post=44786"}],"version-history":[{"count":1,"href":"https:\/\/sybir.bialystok.pl\/en\/wp-json\/wp\/v2\/posts\/44786\/revisions"}],"predecessor-version":[{"id":44787,"href":"https:\/\/sybir.bialystok.pl\/en\/wp-json\/wp\/v2\/posts\/44786\/revisions\/44787"}],"wp:featuredmedia":[{"embeddable":true,"href":"https:\/\/sybir.bialystok.pl\/en\/wp-json\/wp\/v2\/media\/44725"}],"wp:attachment":[{"href":"https:\/\/sybir.bialystok.pl\/en\/wp-json\/wp\/v2\/media?parent=44786"}],"wp:term":[{"taxonomy":"category","embeddable":true,"href":"https:\/\/sybir.bialystok.pl\/en\/wp-json\/wp\/v2\/categories?post=44786"},{"taxonomy":"post_tag","embeddable":true,"href":"https:\/\/sybir.bialystok.pl\/en\/wp-json\/wp\/v2\/tags?post=44786"}],"curies":[{"name":"wp","href":"https:\/\/api.w.org\/{rel}","templated":true}]}}