{"id":32190,"date":"2024-10-09T14:52:26","date_gmt":"2024-10-09T12:52:26","guid":{"rendered":"https:\/\/sybir.bialystok.pl\/?p=32190"},"modified":"2025-05-23T15:55:34","modified_gmt":"2025-05-23T13:55:34","slug":"the-sybir-memorial-museum-receives-special-award-from-the-european-museum-academy","status":"publish","type":"post","link":"https:\/\/sybir.bialystok.pl\/en\/the-sybir-memorial-museum-receives-special-award-from-the-european-museum-academy\/","title":{"rendered":"The Sybir Memorial Museum receives special award from the European Museum Academy"},"content":{"rendered":"\n<figure class=\"wp-block-gallery has-nested-images columns-2 is-cropped wp-block-gallery-1 is-layout-flex wp-block-gallery-is-layout-flex\">\n<figure class=\"wp-block-image size-large\"><a href=\"https:\/\/sybir.bialystok.pl\/wp-content\/uploads\/2024\/10\/KONFERENCJA_2024_10_09_03.jpg\"><img loading=\"lazy\" decoding=\"async\" width=\"683\" height=\"1024\" data-id=\"32081\" src=\"https:\/\/sybir.bialystok.pl\/wp-content\/uploads\/2024\/10\/KONFERENCJA_2024_10_09_03-683x1024.jpg\" alt=\"\" class=\"wp-image-32081\" srcset=\"https:\/\/sybir.bialystok.pl\/wp-content\/uploads\/2024\/10\/KONFERENCJA_2024_10_09_03-683x1024.jpg 683w, https:\/\/sybir.bialystok.pl\/wp-content\/uploads\/2024\/10\/KONFERENCJA_2024_10_09_03-200x300.jpg 200w, https:\/\/sybir.bialystok.pl\/wp-content\/uploads\/2024\/10\/KONFERENCJA_2024_10_09_03-768x1152.jpg 768w, https:\/\/sybir.bialystok.pl\/wp-content\/uploads\/2024\/10\/KONFERENCJA_2024_10_09_03-1024x1536.jpg 1024w, https:\/\/sybir.bialystok.pl\/wp-content\/uploads\/2024\/10\/KONFERENCJA_2024_10_09_03.jpg 1365w\" sizes=\"auto, (max-width: 683px) 100vw, 683px\" \/><\/a><\/figure>\n\n\n\n<figure class=\"wp-block-image size-large\"><a href=\"https:\/\/sybir.bialystok.pl\/wp-content\/uploads\/2024\/10\/KONFERENCJA_2024_10_09_04-1.jpg\"><img loading=\"lazy\" decoding=\"async\" width=\"1024\" height=\"683\" data-id=\"32079\" src=\"https:\/\/sybir.bialystok.pl\/wp-content\/uploads\/2024\/10\/KONFERENCJA_2024_10_09_04-1-1024x683.jpg\" alt=\"\" class=\"wp-image-32079\" srcset=\"https:\/\/sybir.bialystok.pl\/wp-content\/uploads\/2024\/10\/KONFERENCJA_2024_10_09_04-1-1024x683.jpg 1024w, https:\/\/sybir.bialystok.pl\/wp-content\/uploads\/2024\/10\/KONFERENCJA_2024_10_09_04-1-300x200.jpg 300w, https:\/\/sybir.bialystok.pl\/wp-content\/uploads\/2024\/10\/KONFERENCJA_2024_10_09_04-1-768x512.jpg 768w, https:\/\/sybir.bialystok.pl\/wp-content\/uploads\/2024\/10\/KONFERENCJA_2024_10_09_04-1-1536x1024.jpg 1536w, https:\/\/sybir.bialystok.pl\/wp-content\/uploads\/2024\/10\/KONFERENCJA_2024_10_09_04-1.jpg 2048w\" sizes=\"auto, (max-width: 1024px) 100vw, 1024px\" \/><\/a><\/figure>\n\n\n\n<figure class=\"wp-block-image size-large\"><a href=\"https:\/\/sybir.bialystok.pl\/wp-content\/uploads\/2024\/10\/KONFERENCJA_2024_10_09_08.jpg\"><img loading=\"lazy\" decoding=\"async\" width=\"1024\" height=\"683\" data-id=\"32101\" src=\"https:\/\/sybir.bialystok.pl\/wp-content\/uploads\/2024\/10\/KONFERENCJA_2024_10_09_08-1024x683.jpg\" alt=\"\" class=\"wp-image-32101\" srcset=\"https:\/\/sybir.bialystok.pl\/wp-content\/uploads\/2024\/10\/KONFERENCJA_2024_10_09_08-1024x683.jpg 1024w, https:\/\/sybir.bialystok.pl\/wp-content\/uploads\/2024\/10\/KONFERENCJA_2024_10_09_08-300x200.jpg 300w, https:\/\/sybir.bialystok.pl\/wp-content\/uploads\/2024\/10\/KONFERENCJA_2024_10_09_08-768x512.jpg 768w, https:\/\/sybir.bialystok.pl\/wp-content\/uploads\/2024\/10\/KONFERENCJA_2024_10_09_08-1536x1024.jpg 1536w, https:\/\/sybir.bialystok.pl\/wp-content\/uploads\/2024\/10\/KONFERENCJA_2024_10_09_08.jpg 2048w\" sizes=\"auto, (max-width: 1024px) 100vw, 1024px\" \/><\/a><\/figure>\n<\/figure>\n\n\n\n<p><strong>Among the numerous nominated European institutions, it was the Bia\u0142ystok museum that received a prestigious recognition \u2014 a special award for its activities.<\/strong><\/p>\n\n\n\n<p>The European Museum Academy is an international association of museum experts that regularly awards the EMA Prize. In the \u201cLuigi Micheletti Award\u201d category, the awards are granted by the EMA in cooperation with the Micheletti Foundation. In this year edition, the Sybir Memorial Museum in Bia\u0142ystok was nominated in this category.<\/p>\n\n\n\n<p>According to the judges: \u201cThe Sybir Memorial Museum convincingly conveys the history of the deportations and the related problems of the local community. It uses history to engage visitors, students and volunteers. Interesting fragments of the narrative are offered via the website and an impressive series of publications. The subject includes a wider European area, implemented with style and the total commitment of the director and staff, enhancing the significance of the growing importance of history.\u201d<\/p>\n\n\n\n<figure class=\"wp-block-gallery has-nested-images columns-2 is-cropped wp-block-gallery-2 is-layout-flex wp-block-gallery-is-layout-flex\">\n<figure class=\"wp-block-image size-large\"><a href=\"https:\/\/sybir.bialystok.pl\/wp-content\/uploads\/2024\/10\/KONFERENCJA_2024_10_09_01.jpg\"><img loading=\"lazy\" decoding=\"async\" width=\"1024\" height=\"683\" data-id=\"32094\" src=\"https:\/\/sybir.bialystok.pl\/wp-content\/uploads\/2024\/10\/KONFERENCJA_2024_10_09_01-1024x683.jpg\" alt=\"\" class=\"wp-image-32094\" srcset=\"https:\/\/sybir.bialystok.pl\/wp-content\/uploads\/2024\/10\/KONFERENCJA_2024_10_09_01-1024x683.jpg 1024w, https:\/\/sybir.bialystok.pl\/wp-content\/uploads\/2024\/10\/KONFERENCJA_2024_10_09_01-300x200.jpg 300w, https:\/\/sybir.bialystok.pl\/wp-content\/uploads\/2024\/10\/KONFERENCJA_2024_10_09_01-768x512.jpg 768w, https:\/\/sybir.bialystok.pl\/wp-content\/uploads\/2024\/10\/KONFERENCJA_2024_10_09_01-1536x1024.jpg 1536w, https:\/\/sybir.bialystok.pl\/wp-content\/uploads\/2024\/10\/KONFERENCJA_2024_10_09_01.jpg 2048w\" sizes=\"auto, (max-width: 1024px) 100vw, 1024px\" \/><\/a><\/figure>\n\n\n\n<figure class=\"wp-block-image size-large\"><img loading=\"lazy\" decoding=\"async\" width=\"1024\" height=\"683\" data-id=\"32097\" src=\"https:\/\/sybir.bialystok.pl\/wp-content\/uploads\/2024\/10\/KONFERENCJA_2024_10_09_10-1024x683.jpg\" alt=\"\" class=\"wp-image-32097\" srcset=\"https:\/\/sybir.bialystok.pl\/wp-content\/uploads\/2024\/10\/KONFERENCJA_2024_10_09_10-1024x683.jpg 1024w, https:\/\/sybir.bialystok.pl\/wp-content\/uploads\/2024\/10\/KONFERENCJA_2024_10_09_10-300x200.jpg 300w, https:\/\/sybir.bialystok.pl\/wp-content\/uploads\/2024\/10\/KONFERENCJA_2024_10_09_10-768x512.jpg 768w, https:\/\/sybir.bialystok.pl\/wp-content\/uploads\/2024\/10\/KONFERENCJA_2024_10_09_10-1536x1024.jpg 1536w, https:\/\/sybir.bialystok.pl\/wp-content\/uploads\/2024\/10\/KONFERENCJA_2024_10_09_10.jpg 2048w\" sizes=\"auto, (max-width: 1024px) 100vw, 1024px\" \/><\/figure>\n\n\n\n<figure class=\"wp-block-image size-large\"><a href=\"https:\/\/sybir.bialystok.pl\/wp-content\/uploads\/2024\/10\/KONFERENCJA_2024_10_09_11.jpg\"><img loading=\"lazy\" decoding=\"async\" width=\"1024\" height=\"683\" data-id=\"32096\" src=\"https:\/\/sybir.bialystok.pl\/wp-content\/uploads\/2024\/10\/KONFERENCJA_2024_10_09_11-1024x683.jpg\" alt=\"\" class=\"wp-image-32096\" srcset=\"https:\/\/sybir.bialystok.pl\/wp-content\/uploads\/2024\/10\/KONFERENCJA_2024_10_09_11-1024x683.jpg 1024w, https:\/\/sybir.bialystok.pl\/wp-content\/uploads\/2024\/10\/KONFERENCJA_2024_10_09_11-300x200.jpg 300w, https:\/\/sybir.bialystok.pl\/wp-content\/uploads\/2024\/10\/KONFERENCJA_2024_10_09_11-768x512.jpg 768w, https:\/\/sybir.bialystok.pl\/wp-content\/uploads\/2024\/10\/KONFERENCJA_2024_10_09_11-1536x1024.jpg 1536w, https:\/\/sybir.bialystok.pl\/wp-content\/uploads\/2024\/10\/KONFERENCJA_2024_10_09_11.jpg 2048w\" sizes=\"auto, (max-width: 1024px) 100vw, 1024px\" \/><\/a><\/figure>\n<\/figure>\n\n\n\n<p>The organizers of the competition appreciated websites such as sybir.bialystok.pl (the museum\u2019s main website), swiatsybiru.pl (a popular science portal featuring publications by distinguished researchers, information about collections, and photos, co-managed with the Mieroszewski Centre in Warsaw), and relacjezsybiru.pl (under construction, a portal with witnesses of history\u2019s accounts or their descendants, in audio\/video form).<\/p>\n\n\n\n<p>During the press conference organized at the Sybir Memorial Museum, the Mayor of the city of Bia\u0142ystok emphasized the uniqueness of the institution:<\/p>\n\n\n\n<p>&#8220;The Sybir Memorial Museum is an extraordinary place on the map of our city. It gives me a lot of satisfaction that we managed to create this institution in Bia\u0142ystok. Congratulations on another award, granted at the International Forum. I am glad that the museum&#8217;s activities are noticed and appreciated both in Poland and abroad,&#8221; he said.<\/p>\n\n\n\n<figure class=\"wp-block-gallery has-nested-images columns-default is-cropped wp-block-gallery-3 is-layout-flex wp-block-gallery-is-layout-flex\">\n<figure class=\"wp-block-image size-large\"><a href=\"https:\/\/sybir.bialystok.pl\/wp-content\/uploads\/2024\/10\/KONFERENCJA_2024_10_09_05.jpg\"><img loading=\"lazy\" decoding=\"async\" width=\"683\" height=\"1024\" data-id=\"32088\" src=\"https:\/\/sybir.bialystok.pl\/wp-content\/uploads\/2024\/10\/KONFERENCJA_2024_10_09_05-683x1024.jpg\" alt=\"\" class=\"wp-image-32088\" srcset=\"https:\/\/sybir.bialystok.pl\/wp-content\/uploads\/2024\/10\/KONFERENCJA_2024_10_09_05-683x1024.jpg 683w, https:\/\/sybir.bialystok.pl\/wp-content\/uploads\/2024\/10\/KONFERENCJA_2024_10_09_05-200x300.jpg 200w, https:\/\/sybir.bialystok.pl\/wp-content\/uploads\/2024\/10\/KONFERENCJA_2024_10_09_05-768x1152.jpg 768w, https:\/\/sybir.bialystok.pl\/wp-content\/uploads\/2024\/10\/KONFERENCJA_2024_10_09_05-1024x1536.jpg 1024w, https:\/\/sybir.bialystok.pl\/wp-content\/uploads\/2024\/10\/KONFERENCJA_2024_10_09_05.jpg 1365w\" sizes=\"auto, (max-width: 683px) 100vw, 683px\" \/><\/a><\/figure>\n\n\n\n<figure class=\"wp-block-image size-large\"><a href=\"https:\/\/sybir.bialystok.pl\/wp-content\/uploads\/2024\/10\/KONFERENCJA_2024_10_09_06.jpg\"><img loading=\"lazy\" decoding=\"async\" width=\"683\" height=\"1024\" data-id=\"32085\" src=\"https:\/\/sybir.bialystok.pl\/wp-content\/uploads\/2024\/10\/KONFERENCJA_2024_10_09_06-683x1024.jpg\" alt=\"\" class=\"wp-image-32085\" srcset=\"https:\/\/sybir.bialystok.pl\/wp-content\/uploads\/2024\/10\/KONFERENCJA_2024_10_09_06-683x1024.jpg 683w, https:\/\/sybir.bialystok.pl\/wp-content\/uploads\/2024\/10\/KONFERENCJA_2024_10_09_06-200x300.jpg 200w, https:\/\/sybir.bialystok.pl\/wp-content\/uploads\/2024\/10\/KONFERENCJA_2024_10_09_06-768x1152.jpg 768w, https:\/\/sybir.bialystok.pl\/wp-content\/uploads\/2024\/10\/KONFERENCJA_2024_10_09_06-1024x1536.jpg 1024w, https:\/\/sybir.bialystok.pl\/wp-content\/uploads\/2024\/10\/KONFERENCJA_2024_10_09_06.jpg 1365w\" sizes=\"auto, (max-width: 683px) 100vw, 683px\" \/><\/a><\/figure>\n\n\n\n<figure class=\"wp-block-image size-large\"><a href=\"https:\/\/sybir.bialystok.pl\/wp-content\/uploads\/2024\/10\/KONFERENCJA_2024_10_09_07.jpg\"><img loading=\"lazy\" decoding=\"async\" width=\"1024\" height=\"683\" data-id=\"32091\" src=\"https:\/\/sybir.bialystok.pl\/wp-content\/uploads\/2024\/10\/KONFERENCJA_2024_10_09_07-1024x683.jpg\" alt=\"\" class=\"wp-image-32091\" srcset=\"https:\/\/sybir.bialystok.pl\/wp-content\/uploads\/2024\/10\/KONFERENCJA_2024_10_09_07-1024x683.jpg 1024w, https:\/\/sybir.bialystok.pl\/wp-content\/uploads\/2024\/10\/KONFERENCJA_2024_10_09_07-300x200.jpg 300w, https:\/\/sybir.bialystok.pl\/wp-content\/uploads\/2024\/10\/KONFERENCJA_2024_10_09_07-768x512.jpg 768w, https:\/\/sybir.bialystok.pl\/wp-content\/uploads\/2024\/10\/KONFERENCJA_2024_10_09_07-1536x1024.jpg 1536w, https:\/\/sybir.bialystok.pl\/wp-content\/uploads\/2024\/10\/KONFERENCJA_2024_10_09_07.jpg 2048w\" sizes=\"auto, (max-width: 1024px) 100vw, 1024px\" \/><\/a><\/figure>\n<\/figure>\n\n\n\n<p>Professor Wojciech \u015aleszy\u0144ski, Director of the Sybir Memorial Museum, emphasized that this is already the second prestigious European museum award that the institution had received this year. In April 2024, the museum was awarded the Council of Europe Museum Award.<\/p>\n\n\n\n<p>&#8220;I would like to say a special thank you to the Mayor of the City of Bia\u0142ystok, Tadeusz Truskolaski, for trusting us in 2017 and believing that the six-member team that started the construction would be able to create such a museum. I would also like to say thank you to the Deputy President of Bia\u0142ystok, Mr. Rafa\u0142 Rudnicki, for his daily support for the Sybir Memorial Museum. A huge thank you to the entire team and to you \u2013 journalists \u2013 because without your work our activities would not reach such a wide audience,&#8221; he said.<\/p>\n\n\n\n<p>Participating in the international awards gala, which took place on October 3-6 in Nicosia, was a unique opportunity to exchange experiences and ideas with representatives of renowned European museums. The event was attended by Karolina Mi\u0142kowska and Sylwia Szarejko, PhD, from the Sybir Memorial Museum.<\/p>\n\n\n\n<p>&#8220;As an employee of the Sybir Memorial Museum, but also from every museum employee\u2019s perspective, receiving such an award is a dream come true. We were extremely pleased to hear positive opinions about our publications, the tour route and all the museum&#8217;s activities. It was a beautiful experience for us and I hope that there will be more such moments,&#8221; said Sylwia Szarejko, PhD during the conference.<\/p>\n\n\n\n<figure class=\"wp-block-gallery has-nested-images columns-default is-cropped wp-block-gallery-4 is-layout-flex wp-block-gallery-is-layout-flex\">\n<figure class=\"wp-block-image size-large\"><a href=\"https:\/\/sybir.bialystok.pl\/wp-content\/uploads\/2024\/10\/A7N4B4663-scaled.jpg\"><img loading=\"lazy\" decoding=\"async\" width=\"1024\" height=\"683\" data-id=\"32053\" src=\"https:\/\/sybir.bialystok.pl\/wp-content\/uploads\/2024\/10\/A7N4B4663-1024x683.jpg\" alt=\"\" class=\"wp-image-32053\" srcset=\"https:\/\/sybir.bialystok.pl\/wp-content\/uploads\/2024\/10\/A7N4B4663-1024x683.jpg 1024w, https:\/\/sybir.bialystok.pl\/wp-content\/uploads\/2024\/10\/A7N4B4663-300x200.jpg 300w, https:\/\/sybir.bialystok.pl\/wp-content\/uploads\/2024\/10\/A7N4B4663-768x512.jpg 768w, https:\/\/sybir.bialystok.pl\/wp-content\/uploads\/2024\/10\/A7N4B4663-1536x1024.jpg 1536w, https:\/\/sybir.bialystok.pl\/wp-content\/uploads\/2024\/10\/A7N4B4663-2048x1366.jpg 2048w\" sizes=\"auto, (max-width: 1024px) 100vw, 1024px\" \/><\/a><\/figure>\n\n\n\n<figure class=\"wp-block-image size-large\"><img loading=\"lazy\" decoding=\"async\" width=\"1024\" height=\"683\" data-id=\"32104\" src=\"https:\/\/sybir.bialystok.pl\/wp-content\/uploads\/2024\/10\/A7N4B4587-1-1024x683.jpg\" alt=\"\" class=\"wp-image-32104\" srcset=\"https:\/\/sybir.bialystok.pl\/wp-content\/uploads\/2024\/10\/A7N4B4587-1-1024x683.jpg 1024w, https:\/\/sybir.bialystok.pl\/wp-content\/uploads\/2024\/10\/A7N4B4587-1-300x200.jpg 300w, https:\/\/sybir.bialystok.pl\/wp-content\/uploads\/2024\/10\/A7N4B4587-1-768x512.jpg 768w, https:\/\/sybir.bialystok.pl\/wp-content\/uploads\/2024\/10\/A7N4B4587-1-1536x1024.jpg 1536w, https:\/\/sybir.bialystok.pl\/wp-content\/uploads\/2024\/10\/A7N4B4587-1-2048x1366.jpg 2048w\" sizes=\"auto, (max-width: 1024px) 100vw, 1024px\" \/><\/figure>\n<\/figure>\n\n\n\n<p>The main prize in the Luigi Micheletti category, in which the Sybir Memorial Museum won the distinction, was awarded to the Carl Nielsen Museum from Denmark.<\/p>\n\n\n\n<p>Thank you for this recognition. It is an honour for us to be among the best!<\/p>\n\n\n\n<!--more-->\n","protected":false},"excerpt":{"rendered":"<p>The Sybir Memorial Museum has been awarded by the European Museum Academy!<\/p>\n","protected":false},"author":8,"featured_media":32080,"comment_status":"closed","ping_status":"closed","sticky":false,"template":"","format":"standard","meta":{"_acf_changed":false,"_editorskit_title_hidden":false,"_editorskit_reading_time":0,"_editorskit_is_block_options_detached":false,"_editorskit_block_options_position":"{}","footnotes":""},"categories":[4],"tags":[],"class_list":["post-32190","post","type-post","status-publish","format-standard","has-post-thumbnail","hentry","category-uncategorized"],"acf":[],"yoast_head":"<!-- This site is optimized with the Yoast SEO plugin v24.6 - https:\/\/yoast.com\/wordpress\/plugins\/seo\/ -->\n<title>The Sybir Memorial Museum receives special award from the European Museum Academy - Muzeum Pami\u0119ci Sybiru<\/title>\n<meta name=\"robots\" content=\"index, follow, max-snippet:-1, max-image-preview:large, max-video-preview:-1\" \/>\n<link rel=\"canonical\" href=\"https:\/\/sybir.bialystok.pl\/en\/the-sybir-memorial-museum-receives-special-award-from-the-european-museum-academy\/\" \/>\n<meta property=\"og:locale\" content=\"en_US\" \/>\n<meta property=\"og:type\" content=\"article\" \/>\n<meta property=\"og:title\" content=\"The Sybir Memorial Museum receives special award from the European Museum Academy - Muzeum Pami\u0119ci Sybiru\" \/>\n<meta property=\"og:description\" content=\"The Sybir Memorial Museum has been awarded by the European Museum Academy!\" \/>\n<meta property=\"og:url\" content=\"https:\/\/sybir.bialystok.pl\/en\/the-sybir-memorial-museum-receives-special-award-from-the-european-museum-academy\/\" \/>\n<meta property=\"og:site_name\" content=\"Muzeum Pami\u0119ci Sybiru\" \/>\n<meta property=\"article:published_time\" content=\"2024-10-09T12:52:26+00:00\" \/>\n<meta property=\"article:modified_time\" content=\"2025-05-23T13:55:34+00:00\" \/>\n<meta property=\"og:image\" content=\"https:\/\/sybir.bialystok.pl\/wp-content\/uploads\/2024\/10\/KONFERENCJA_2024_10_09_04-1.jpg\" \/>\n\t<meta property=\"og:image:width\" content=\"2048\" \/>\n\t<meta property=\"og:image:height\" content=\"1365\" \/>\n\t<meta property=\"og:image:type\" content=\"image\/jpeg\" \/>\n<meta name=\"author\" content=\"patrycja\" \/>\n<meta name=\"twitter:card\" content=\"summary_large_image\" \/>\n<meta name=\"twitter:label1\" content=\"Written by\" \/>\n\t<meta name=\"twitter:data1\" content=\"patrycja\" \/>\n\t<meta name=\"twitter:label2\" content=\"Est. reading time\" \/>\n\t<meta name=\"twitter:data2\" content=\"3 minutes\" \/>\n<script type=\"application\/ld+json\" class=\"yoast-schema-graph\">{\"@context\":\"https:\/\/schema.org\",\"@graph\":[{\"@type\":\"WebPage\",\"@id\":\"https:\/\/sybir.bialystok.pl\/en\/the-sybir-memorial-museum-receives-special-award-from-the-european-museum-academy\/\",\"url\":\"https:\/\/sybir.bialystok.pl\/en\/the-sybir-memorial-museum-receives-special-award-from-the-european-museum-academy\/\",\"name\":\"The Sybir Memorial Museum receives special award from the European Museum Academy - Muzeum Pami\u0119ci Sybiru\",\"isPartOf\":{\"@id\":\"https:\/\/sybir.bialystok.pl\/en\/#website\"},\"primaryImageOfPage\":{\"@id\":\"https:\/\/sybir.bialystok.pl\/en\/the-sybir-memorial-museum-receives-special-award-from-the-european-museum-academy\/#primaryimage\"},\"image\":{\"@id\":\"https:\/\/sybir.bialystok.pl\/en\/the-sybir-memorial-museum-receives-special-award-from-the-european-museum-academy\/#primaryimage\"},\"thumbnailUrl\":\"https:\/\/sybir.bialystok.pl\/wp-content\/uploads\/2024\/10\/KONFERENCJA_2024_10_09_04-1.jpg\",\"datePublished\":\"2024-10-09T12:52:26+00:00\",\"dateModified\":\"2025-05-23T13:55:34+00:00\",\"author\":{\"@id\":\"https:\/\/sybir.bialystok.pl\/en\/#\/schema\/person\/85b0358246e62a03dc3e65a0b9853539\"},\"breadcrumb\":{\"@id\":\"https:\/\/sybir.bialystok.pl\/en\/the-sybir-memorial-museum-receives-special-award-from-the-european-museum-academy\/#breadcrumb\"},\"inLanguage\":\"en-US\",\"potentialAction\":[{\"@type\":\"ReadAction\",\"target\":[\"https:\/\/sybir.bialystok.pl\/en\/the-sybir-memorial-museum-receives-special-award-from-the-european-museum-academy\/\"]}]},{\"@type\":\"ImageObject\",\"inLanguage\":\"en-US\",\"@id\":\"https:\/\/sybir.bialystok.pl\/en\/the-sybir-memorial-museum-receives-special-award-from-the-european-museum-academy\/#primaryimage\",\"url\":\"https:\/\/sybir.bialystok.pl\/wp-content\/uploads\/2024\/10\/KONFERENCJA_2024_10_09_04-1.jpg\",\"contentUrl\":\"https:\/\/sybir.bialystok.pl\/wp-content\/uploads\/2024\/10\/KONFERENCJA_2024_10_09_04-1.jpg\",\"width\":2048,\"height\":1365,\"caption\":\"Dyrektor Muzeum Pami\u0119ci Sybiru, prof. Wojciech \u015aleszy\u0144ski przemawia do mikrofonu podczas konferencji prasowej. Obok stoj\u0105 Prezydent Miasta Bia\u0142egostoku oraz dziennikarze.\"},{\"@type\":\"BreadcrumbList\",\"@id\":\"https:\/\/sybir.bialystok.pl\/en\/the-sybir-memorial-museum-receives-special-award-from-the-european-museum-academy\/#breadcrumb\",\"itemListElement\":[{\"@type\":\"ListItem\",\"position\":1,\"name\":\"Home page\",\"item\":\"https:\/\/sybir.bialystok.pl\/en\/\"},{\"@type\":\"ListItem\",\"position\":2,\"name\":\"The Sybir Memorial Museum receives special award from the European Museum Academy\"}]},{\"@type\":\"WebSite\",\"@id\":\"https:\/\/sybir.bialystok.pl\/en\/#website\",\"url\":\"https:\/\/sybir.bialystok.pl\/en\/\",\"name\":\"Muzeum Pami\u0119ci Sybiru\",\"description\":\"Muzeum Pami\u0119ci Sybiru jest po\u015bwi\u0119cone ludziom, kt\u00f3rzy od ko\u0144ca XVI a\u017c do po\u0142owy XX wieku byli niewoleni i zsy\u0142ani w g\u0142\u0105b Rosji, a p\u00f3\u017aniej Zwi\u0105zku Sowieckiego, jak te\u017c tym, kt\u00f3rzy pod\u0105\u017cali tam dobrowolnie.\",\"potentialAction\":[{\"@type\":\"SearchAction\",\"target\":{\"@type\":\"EntryPoint\",\"urlTemplate\":\"https:\/\/sybir.bialystok.pl\/en\/?s={search_term_string}\"},\"query-input\":{\"@type\":\"PropertyValueSpecification\",\"valueRequired\":true,\"valueName\":\"search_term_string\"}}],\"inLanguage\":\"en-US\"},{\"@type\":\"Person\",\"@id\":\"https:\/\/sybir.bialystok.pl\/en\/#\/schema\/person\/85b0358246e62a03dc3e65a0b9853539\",\"name\":\"patrycja\",\"image\":{\"@type\":\"ImageObject\",\"inLanguage\":\"en-US\",\"@id\":\"https:\/\/sybir.bialystok.pl\/en\/#\/schema\/person\/image\/\",\"url\":\"https:\/\/secure.gravatar.com\/avatar\/2e5c2d7fba244e02fc170bb150ec29b373eb7eb084a0dce224e66fc8b85c667c?s=96&d=mm&r=g\",\"contentUrl\":\"https:\/\/secure.gravatar.com\/avatar\/2e5c2d7fba244e02fc170bb150ec29b373eb7eb084a0dce224e66fc8b85c667c?s=96&d=mm&r=g\",\"caption\":\"patrycja\"},\"sameAs\":[\"patrycja\"]}]}<\/script>\n<!-- \/ Yoast SEO plugin. -->","yoast_head_json":{"title":"The Sybir Memorial Museum receives special award from the European Museum Academy - Muzeum Pami\u0119ci Sybiru","robots":{"index":"index","follow":"follow","max-snippet":"max-snippet:-1","max-image-preview":"max-image-preview:large","max-video-preview":"max-video-preview:-1"},"canonical":"https:\/\/sybir.bialystok.pl\/en\/the-sybir-memorial-museum-receives-special-award-from-the-european-museum-academy\/","og_locale":"en_US","og_type":"article","og_title":"The Sybir Memorial Museum receives special award from the European Museum Academy - Muzeum Pami\u0119ci Sybiru","og_description":"The Sybir Memorial Museum has been awarded by the European Museum Academy!","og_url":"https:\/\/sybir.bialystok.pl\/en\/the-sybir-memorial-museum-receives-special-award-from-the-european-museum-academy\/","og_site_name":"Muzeum Pami\u0119ci Sybiru","article_published_time":"2024-10-09T12:52:26+00:00","article_modified_time":"2025-05-23T13:55:34+00:00","og_image":[{"width":2048,"height":1365,"url":"https:\/\/sybir.bialystok.pl\/wp-content\/uploads\/2024\/10\/KONFERENCJA_2024_10_09_04-1.jpg","type":"image\/jpeg"}],"author":"patrycja","twitter_card":"summary_large_image","twitter_misc":{"Written by":"patrycja","Est. reading time":"3 minutes"},"schema":{"@context":"https:\/\/schema.org","@graph":[{"@type":"WebPage","@id":"https:\/\/sybir.bialystok.pl\/en\/the-sybir-memorial-museum-receives-special-award-from-the-european-museum-academy\/","url":"https:\/\/sybir.bialystok.pl\/en\/the-sybir-memorial-museum-receives-special-award-from-the-european-museum-academy\/","name":"The Sybir Memorial Museum receives special award from the European Museum Academy - Muzeum Pami\u0119ci Sybiru","isPartOf":{"@id":"https:\/\/sybir.bialystok.pl\/en\/#website"},"primaryImageOfPage":{"@id":"https:\/\/sybir.bialystok.pl\/en\/the-sybir-memorial-museum-receives-special-award-from-the-european-museum-academy\/#primaryimage"},"image":{"@id":"https:\/\/sybir.bialystok.pl\/en\/the-sybir-memorial-museum-receives-special-award-from-the-european-museum-academy\/#primaryimage"},"thumbnailUrl":"https:\/\/sybir.bialystok.pl\/wp-content\/uploads\/2024\/10\/KONFERENCJA_2024_10_09_04-1.jpg","datePublished":"2024-10-09T12:52:26+00:00","dateModified":"2025-05-23T13:55:34+00:00","author":{"@id":"https:\/\/sybir.bialystok.pl\/en\/#\/schema\/person\/85b0358246e62a03dc3e65a0b9853539"},"breadcrumb":{"@id":"https:\/\/sybir.bialystok.pl\/en\/the-sybir-memorial-museum-receives-special-award-from-the-european-museum-academy\/#breadcrumb"},"inLanguage":"en-US","potentialAction":[{"@type":"ReadAction","target":["https:\/\/sybir.bialystok.pl\/en\/the-sybir-memorial-museum-receives-special-award-from-the-european-museum-academy\/"]}]},{"@type":"ImageObject","inLanguage":"en-US","@id":"https:\/\/sybir.bialystok.pl\/en\/the-sybir-memorial-museum-receives-special-award-from-the-european-museum-academy\/#primaryimage","url":"https:\/\/sybir.bialystok.pl\/wp-content\/uploads\/2024\/10\/KONFERENCJA_2024_10_09_04-1.jpg","contentUrl":"https:\/\/sybir.bialystok.pl\/wp-content\/uploads\/2024\/10\/KONFERENCJA_2024_10_09_04-1.jpg","width":2048,"height":1365,"caption":"Dyrektor Muzeum Pami\u0119ci Sybiru, prof. Wojciech \u015aleszy\u0144ski przemawia do mikrofonu podczas konferencji prasowej. Obok stoj\u0105 Prezydent Miasta Bia\u0142egostoku oraz dziennikarze."},{"@type":"BreadcrumbList","@id":"https:\/\/sybir.bialystok.pl\/en\/the-sybir-memorial-museum-receives-special-award-from-the-european-museum-academy\/#breadcrumb","itemListElement":[{"@type":"ListItem","position":1,"name":"Home page","item":"https:\/\/sybir.bialystok.pl\/en\/"},{"@type":"ListItem","position":2,"name":"The Sybir Memorial Museum receives special award from the European Museum Academy"}]},{"@type":"WebSite","@id":"https:\/\/sybir.bialystok.pl\/en\/#website","url":"https:\/\/sybir.bialystok.pl\/en\/","name":"Muzeum Pami\u0119ci Sybiru","description":"Muzeum Pami\u0119ci Sybiru jest po\u015bwi\u0119cone ludziom, kt\u00f3rzy od ko\u0144ca XVI a\u017c do po\u0142owy XX wieku byli niewoleni i zsy\u0142ani w g\u0142\u0105b Rosji, a p\u00f3\u017aniej Zwi\u0105zku Sowieckiego, jak te\u017c tym, kt\u00f3rzy pod\u0105\u017cali tam dobrowolnie.","potentialAction":[{"@type":"SearchAction","target":{"@type":"EntryPoint","urlTemplate":"https:\/\/sybir.bialystok.pl\/en\/?s={search_term_string}"},"query-input":{"@type":"PropertyValueSpecification","valueRequired":true,"valueName":"search_term_string"}}],"inLanguage":"en-US"},{"@type":"Person","@id":"https:\/\/sybir.bialystok.pl\/en\/#\/schema\/person\/85b0358246e62a03dc3e65a0b9853539","name":"patrycja","image":{"@type":"ImageObject","inLanguage":"en-US","@id":"https:\/\/sybir.bialystok.pl\/en\/#\/schema\/person\/image\/","url":"https:\/\/secure.gravatar.com\/avatar\/2e5c2d7fba244e02fc170bb150ec29b373eb7eb084a0dce224e66fc8b85c667c?s=96&d=mm&r=g","contentUrl":"https:\/\/secure.gravatar.com\/avatar\/2e5c2d7fba244e02fc170bb150ec29b373eb7eb084a0dce224e66fc8b85c667c?s=96&d=mm&r=g","caption":"patrycja"},"sameAs":["patrycja"]}]}},"_links":{"self":[{"href":"https:\/\/sybir.bialystok.pl\/en\/wp-json\/wp\/v2\/posts\/32190","targetHints":{"allow":["GET"]}}],"collection":[{"href":"https:\/\/sybir.bialystok.pl\/en\/wp-json\/wp\/v2\/posts"}],"about":[{"href":"https:\/\/sybir.bialystok.pl\/en\/wp-json\/wp\/v2\/types\/post"}],"author":[{"embeddable":true,"href":"https:\/\/sybir.bialystok.pl\/en\/wp-json\/wp\/v2\/users\/8"}],"replies":[{"embeddable":true,"href":"https:\/\/sybir.bialystok.pl\/en\/wp-json\/wp\/v2\/comments?post=32190"}],"version-history":[{"count":2,"href":"https:\/\/sybir.bialystok.pl\/en\/wp-json\/wp\/v2\/posts\/32190\/revisions"}],"predecessor-version":[{"id":37506,"href":"https:\/\/sybir.bialystok.pl\/en\/wp-json\/wp\/v2\/posts\/32190\/revisions\/37506"}],"wp:featuredmedia":[{"embeddable":true,"href":"https:\/\/sybir.bialystok.pl\/en\/wp-json\/wp\/v2\/media\/32080"}],"wp:attachment":[{"href":"https:\/\/sybir.bialystok.pl\/en\/wp-json\/wp\/v2\/media?parent=32190"}],"wp:term":[{"taxonomy":"category","embeddable":true,"href":"https:\/\/sybir.bialystok.pl\/en\/wp-json\/wp\/v2\/categories?post=32190"},{"taxonomy":"post_tag","embeddable":true,"href":"https:\/\/sybir.bialystok.pl\/en\/wp-json\/wp\/v2\/tags?post=32190"}],"curies":[{"name":"wp","href":"https:\/\/api.w.org\/{rel}","templated":true}]}}